{"id":5735,"date":"2019-03-13T17:39:33","date_gmt":"2019-03-13T23:39:33","guid":{"rendered":"http:\/\/redaccionoaxaca.com\/?p=5735"},"modified":"2019-03-13T17:39:33","modified_gmt":"2019-03-13T23:39:33","slug":"se-deslinda-diputado-federal-de-morena-del-caso-choapam","status":"publish","type":"post","link":"https:\/\/redaccionoaxaca.com\/index.php\/2019\/03\/13\/se-deslinda-diputado-federal-de-morena-del-caso-choapam\/","title":{"rendered":"Se deslinda diputado federal de Morena del caso Cho\u00e1pam."},"content":{"rendered":"<p style=\"text-align: justify;\"><strong>#Redacci\u00f3nOaxaca<\/strong><\/p>\n<p style=\"text-align: justify;\"><strong>#Oaxaca<\/strong><\/p>\n<p style=\"text-align: justify;\"><strong>Jaime GUERRERO<\/strong><\/p>\n<p style=\"text-align: justify;\">El diputado federal de Morena, Carol Antonio Altamirano, se deslind\u00f3 del caso Cho\u00e1pam y afirm\u00f3 que nunca he intervenido en el caso del multihomicidio en ese municipio de la regi\u00f3n Mixe, o alg\u00fan otro municipio en conflicto.<\/p>\n<p style=\"text-align: justify;\"><em>\u201cNo tengo injerencia ni intereses ligados a alg\u00fan grupo ni he ofrecido apoyo, mucho menos amnist\u00eda<\/em>\u201d, asever\u00f3 en un breve comunicado.<\/p>\n<p style=\"text-align: justify;\"><em>\u201cSi alguien utiliza mi nombre indebidamente, de manera p\u00fablica y categ\u00f3rica lo desmiento y descalifico<\/em>\u201d, agreg\u00f3.<\/p>\n<p style=\"text-align: justify;\">Antonio Altamirano, sostuvo que su compromiso es seguir trabajando por la Paz y la unidad de los pueblos.<\/p>\n<p style=\"text-align: justify;\">El legislador federal, afirm\u00f3 que habl\u00f3 con los denunciantes para expresarles su respeto, <em>\u201cas\u00ed como reiterarles que no tengo injerencia ni compromisos en el asunto en cuesti\u00f3n y que nadie me representa en ese municipio\u201d.<\/em><\/p>\n<p style=\"text-align: justify;\">Y es que familiares de asesinados en la emboscada ocurrida en Santiago Cho\u00e1pam en mayo del 2011 por la disputa del Poder Municipal, denunciaron la liberaci\u00f3n de uno de los implicados en el ataque armado que dej\u00f3 10 personas sin vida y 16 lesionadas.<\/p>\n<p style=\"text-align: justify;\">Eva L\u00f3pez Castro de Santiago Cho\u00e1pam, hermana de Donato L\u00f3pez uno de los asesinados, se\u00f1al\u00f3 que el sistema de impartici\u00f3n de justicia se vendi\u00f3 y uno de los presos por este hecho, fue puesto en libertad, al existir presi\u00f3n pol\u00edtica por parte del ex diputado del PT, Flavio Sosa Villavicencio y C\u00e9sar Mateos Ben\u00edtez, integrante de la organizaci\u00f3n \u201cComuna Oaxaca\u201d. Tambi\u00e9n, sospech\u00f3 de Antonio Altamirano, quien se deslind\u00f3.<\/p>\n","protected":false},"excerpt":{"rendered":"<p>#Redacci\u00f3nOaxaca #Oaxaca Jaime GUERRERO El diputado federal de Morena, Carol Antonio Altamirano, se deslind\u00f3 del caso Cho\u00e1pam y afirm\u00f3 que nunca he intervenido en el caso del multihomicidio en ese municipio de la regi\u00f3n Mixe, o alg\u00fan otro municipio en conflicto. \u201cNo tengo injerencia ni intereses ligados a alg\u00fan grupo ni he ofrecido apoyo, mucho [&hellip;]<\/p>\n","protected":false},"author":2,"featured_media":0,"comment_status":"open","ping_status":"open","sticky":false,"template":"","format":"standard","meta":{"jetpack_post_was_ever_published":false,"_jetpack_newsletter_access":"","_jetpack_dont_email_post_to_subs":false,"_jetpack_newsletter_tier_id":0,"_jetpack_memberships_contains_paywalled_content":false,"_jetpack_memberships_contains_paid_content":false,"footnotes":"","jetpack_publicize_message":"","jetpack_publicize_feature_enabled":true,"jetpack_social_post_already_shared":true,"jetpack_social_options":{"image_generator_settings":{"template":"highway","default_image_id":0,"font":"","enabled":false},"version":2}},"categories":[1],"tags":[],"class_list":{"0":"post-5735","1":"post","2":"type-post","3":"status-publish","4":"format-standard","6":"category-uncategorized"},"jetpack_publicize_connections":[],"jetpack_featured_media_url":"","jetpack_sharing_enabled":true,"jetpack_shortlink":"https:\/\/wp.me\/p9Ynjw-1uv","jetpack-related-posts":[{"id":5724,"url":"https:\/\/redaccionoaxaca.com\/index.php\/2019\/03\/13\/familiares-de-ejecutados-en-choapam-denuncian-a-ex-diputado-del-pt-y-activista-de-pretender-liberar-a-homicidas\/","url_meta":{"origin":5735,"position":0},"title":"Familiares de ejecutados en Cho\u00e1pam, denuncian a ex diputado del PT y activista de pretender liberar a homicidas.","author":"jaime","date":"marzo 13, 2019","format":false,"excerpt":"#Redacci\u00f3nOaxaca #Oaxaca Jaime GUERRERO Familiares\u00a0de los asesinados en la emboscada ocurrida en Santiago Cho\u00e1pam en mayo del 2011 por la disputa del Poder Municipal, denunciaron la liberaci\u00f3n de uno de los implicados en el ataque armado que dej\u00f3 10 personas sin vida y 16 lesionadas. Por lo pronto, pidieron al\u2026","rel":"","context":"Entrada similar ","block_context":{"text":"Entrada similar ","link":""},"img":{"alt_text":"","src":"","width":0,"height":0},"classes":[]},{"id":11730,"url":"https:\/\/redaccionoaxaca.com\/index.php\/2020\/04\/09\/no-quitar-aguinaldo-ni-bajar-salarios-a-medicos-enfermeras-y-tecnicos-del-sector-salud-del-pais-exigen\/","url_meta":{"origin":5735,"position":1},"title":"No quitar aguinaldo ni bajar salarios a m\u00e9dicos,  enfermeras y t\u00e9cnicos del sector salud del pa\u00eds, exigen.","author":"ariadna","date":"abril 9, 2020","format":false,"excerpt":"#Redacci\u00f3nOaxaca #Oaxaca Jaime GUERRERO El Secretario de la Comisi\u00f3n de Hacienda de la C\u00e1mara de Diputados Federal, Carol Antonio Altamirano, dijo que sin dejar de apoyar las medidas de austeridad del gobierno federal, se debiera tener una excepci\u00f3n para reconocer la val\u00eda y esfuerzo del personal m\u00e9dico del sector p\u00fablico.\u2026","rel":"","context":"En &quot;Agenda Pol\u00edtica&quot;","block_context":{"text":"Agenda Pol\u00edtica","link":"https:\/\/redaccionoaxaca.com\/index.php\/category\/agenda-politica\/"},"img":{"alt_text":"","src":"","width":0,"height":0},"classes":[]},{"id":7870,"url":"https:\/\/redaccionoaxaca.com\/index.php\/2019\/08\/07\/diputado-de-morena-se-lava-las-manos-en-disputa-de-poder-en-san-dionisio-del-mar\/","url_meta":{"origin":5735,"position":2},"title":"Diputado de Morena, se lava las manos  en disputa de poder en San Dionisio del Mar.","author":"jaime","date":"agosto 7, 2019","format":false,"excerpt":"#Redacci\u00f3nOaxaca #Oaxaca Jaime GUERRERO Tras los se\u00f1alamientos en su contra, el diputado local de Morena, Horacio Sosa Villavicencio, rechaz\u00f3 intromisi\u00f3n en la designaci\u00f3n del Consejo Municipal de San Dionisio del Mar. El hermano del ex diputado local, Flavio Sosa Villavicencio, tambi\u00e9n se\u00f1alado de intromisi\u00f3n en el conflicto de San Dionisio\u2026","rel":"","context":"Entrada similar ","block_context":{"text":"Entrada similar ","link":""},"img":{"alt_text":"","src":"","width":0,"height":0},"classes":[]},{"id":17695,"url":"https:\/\/redaccionoaxaca.com\/index.php\/2021\/03\/23\/morena-anuncia-candidatos-en-17-municipios-de-oaxaca-al-momento-3-ediles-van-a-reeleccion-y-3-se-caen\/","url_meta":{"origin":5735,"position":3},"title":"Morena anuncia candidatos en 17 municipios de Oaxaca;  al momento 3 ediles van a reelecci\u00f3n y 3 se caen.","author":"ariadna","date":"marzo 23, 2021","format":false,"excerpt":"#Redacci\u00f3nOaxaca #Oaxaca Jaime GUERRERO El delegado del Comit\u00e9 Ejecutivo Nacional del Partido Movimiento de Regeneraci\u00f3n Nacional (Morena) en Oaxaca, Oscar Cant\u00f3n Zetina, oficializ\u00f3 la designaci\u00f3n de 17 candidaturas para presidencias municipales, cuyos inminentes postulados -seg\u00fan la dirigencia morenista- ganaron las encuestas internas y por tanto ser\u00e1n los candidatos y candidatas.\u2026","rel":"","context":"En &quot;Agenda Pol\u00edtica&quot;","block_context":{"text":"Agenda Pol\u00edtica","link":"https:\/\/redaccionoaxaca.com\/index.php\/category\/agenda-politica\/"},"img":{"alt_text":"","src":"","width":0,"height":0},"classes":[]},{"id":8552,"url":"https:\/\/redaccionoaxaca.com\/index.php\/2019\/09\/24\/arropado-legisladores-sin-filiacion-y-de-chiapas-destapan-a-diputado-federal-para-dirigir-morena-en-oaxaca\/","url_meta":{"origin":5735,"position":4},"title":"Arropado legisladores sin filiaci\u00f3n y de Chiapas, destapan  a diputado federal para dirigir Morena en Oaxaca.","author":"ariadna","date":"septiembre 24, 2019","format":false,"excerpt":"#Redacci\u00f3nOaxaca #Oaxaca Jaime GUERRERO Se arrecia la disputa por la Presidencia del Comit\u00e9 Directivo Estatal del Partido Movimiento de Regeneraci\u00f3n Nacional en Oaxaca. Arropado por legisladores federales sin filiaci\u00f3n a ese instituto pol\u00edtico y del Estado de Chiapas, el diputado federal de Morena, Armando Contreras Castillo, fue destapado como el\u2026","rel":"","context":"Entrada similar ","block_context":{"text":"Entrada similar ","link":""},"img":{"alt_text":"","src":"","width":0,"height":0},"classes":[]},{"id":10166,"url":"https:\/\/redaccionoaxaca.com\/index.php\/2020\/01\/16\/arrecian-conflictos-postelectorales-por-disputa-de-poder-en-choapam-astata-y-tutla-asoman-la-cabeza-diputados-de-morena-y-priistas\/","url_meta":{"origin":5735,"position":5},"title":"Arrecian conflictos postelectorales por disputa de poder en  Cho\u00e1pam, Astata y Tutla, asoman la cabeza diputados de Morena y pri\u00edstas.","author":"ariadna","date":"enero 16, 2020","format":false,"excerpt":"#Redacci\u00f3nOaxaca #Oaxaca Jaime GUERRERO Azuzados por actores pol\u00edticos y hasta diputadas de la LXIV Legislatura, grupos antag\u00f3nicos tomaron la sede del congreso del estado, para exigir instalaci\u00f3n de consejos municipales, gobiernos comunitarios y hasta el desconocimiento de autoridades electas en tres municipios de Usos y Costumbres. En un primer momento,\u2026","rel":"","context":"Entrada similar ","block_context":{"text":"Entrada similar ","link":""},"img":{"alt_text":"","src":"","width":0,"height":0},"classes":[]}],"_links":{"self":[{"href":"https:\/\/redaccionoaxaca.com\/index.php\/wp-json\/wp\/v2\/posts\/5735","targetHints":{"allow":["GET"]}}],"collection":[{"href":"https:\/\/redaccionoaxaca.com\/index.php\/wp-json\/wp\/v2\/posts"}],"about":[{"href":"https:\/\/redaccionoaxaca.com\/index.php\/wp-json\/wp\/v2\/types\/post"}],"author":[{"embeddable":true,"href":"https:\/\/redaccionoaxaca.com\/index.php\/wp-json\/wp\/v2\/users\/2"}],"replies":[{"embeddable":true,"href":"https:\/\/redaccionoaxaca.com\/index.php\/wp-json\/wp\/v2\/comments?post=5735"}],"version-history":[{"count":1,"href":"https:\/\/redaccionoaxaca.com\/index.php\/wp-json\/wp\/v2\/posts\/5735\/revisions"}],"predecessor-version":[{"id":5737,"href":"https:\/\/redaccionoaxaca.com\/index.php\/wp-json\/wp\/v2\/posts\/5735\/revisions\/5737"}],"wp:attachment":[{"href":"https:\/\/redaccionoaxaca.com\/index.php\/wp-json\/wp\/v2\/media?parent=5735"}],"wp:term":[{"taxonomy":"category","embeddable":true,"href":"https:\/\/redaccionoaxaca.com\/index.php\/wp-json\/wp\/v2\/categories?post=5735"},{"taxonomy":"post_tag","embeddable":true,"href":"https:\/\/redaccionoaxaca.com\/index.php\/wp-json\/wp\/v2\/tags?post=5735"}],"curies":[{"name":"wp","href":"https:\/\/api.w.org\/{rel}","templated":true}]}}