{"id":5934,"date":"2019-03-26T08:43:11","date_gmt":"2019-03-26T14:43:11","guid":{"rendered":"http:\/\/redaccionoaxaca.com\/?p=5934"},"modified":"2019-03-26T08:43:11","modified_gmt":"2019-03-26T14:43:11","slug":"76-4-mdp-en-equipamiento-de-escuelas-en-2017-2018-anuncia-el-ieepo-41-2-mdp-para-el-2019","status":"publish","type":"post","link":"https:\/\/redaccionoaxaca.com\/index.php\/2019\/03\/26\/76-4-mdp-en-equipamiento-de-escuelas-en-2017-2018-anuncia-el-ieepo-41-2-mdp-para-el-2019\/","title":{"rendered":"76.4 mdp en equipamiento de escuelas en  2017-2018, anuncia el IEEPO; 41.2 mdp para el 2019."},"content":{"rendered":"<p class=\"x_ydpa447e5d4MsoNormal\">\n<p class=\"x_ydpa447e5d4MsoNormal\"><strong>#Redacci\u00f3nOaxaca<\/strong><\/p>\n<p><strong>#Oaxaca<\/strong><\/p>\n<p class=\"x_ydpa447e5d4MsoNormal\"><b>Jaime GUERRERO<\/b><\/p>\n<p class=\"x_ydpa447e5d4MsoNormal\" style=\"text-align: justify;\">El director general del Instituto Estatal de Educaci\u00f3n P\u00fablica de Oaxaca (IEEPO), Francisco \u00c1ngel Villareal, anunci\u00f3 que para el ejercicio 2019 se han autorizado 41.2 millones de pesos para dotar de equipo de c\u00f3mputo y mobiliario a escuelas de la entidad.<\/p>\n<p class=\"x_ydpa447e5d4MsoNormal\" style=\"text-align: justify;\">Acompa\u00f1ado del Gobernador, Alejandro Murat Hinojosa, dijo que se atender\u00e1n 632 planteles de educaci\u00f3n b\u00e1sica, de los cuales: 140 son de preescolar, 289 de primaria, 50 de secundaria y 153 de telesecundaria. Con ello se beneficiar\u00e1 a m\u00e1s de 57 mil estudiantes y 3 mil docentes de 207 municipios.<\/p>\n<p class=\"x_ydpa447e5d4MsoNormal\" style=\"text-align: justify;\">Asimismo, inform\u00f3 que en el periodo 2017- 2018 se destinaron m\u00e1s de 76.4 millones de pesos a este fin, lo que permiti\u00f3 atender mil 462 escuelas de nivel b\u00e1sico en beneficio de m\u00e1s de 165 mil estudiantes de 346 municipios<\/p>\n<p class=\"x_ydpa447e5d4MsoNormal\" style=\"text-align: justify;\">Se\u00f1al\u00f3 que el Gobierno de Oaxaca est\u00e1 gestionando ante el Gobierno Federal mayores recursos que permitan duplicar hasta en 100 millones de pesos, el monto de inversi\u00f3n y fortalecer con equipo de c\u00f3mputo y mejores mobiliarios a m\u00e1s escuelas.<\/p>\n<p class=\"x_ydpa447e5d4MsoNormal\" style=\"text-align: justify;\">\n<p class=\"x_ydpa447e5d4MsoNormal\" style=\"text-align: justify;\">\n<p class=\"x_ydpa447e5d4MsoNormal\" style=\"text-align: justify;\">\n<p class=\"x_ydpa447e5d4MsoNormal\" style=\"text-align: justify;\">\n","protected":false},"excerpt":{"rendered":"<p>#Redacci\u00f3nOaxaca #Oaxaca Jaime GUERRERO El director general del Instituto Estatal de Educaci\u00f3n P\u00fablica de Oaxaca (IEEPO), Francisco \u00c1ngel Villareal, anunci\u00f3 que para el ejercicio 2019 se han autorizado 41.2 millones de pesos para dotar de equipo de c\u00f3mputo y mobiliario a escuelas de la entidad. Acompa\u00f1ado del Gobernador, Alejandro Murat Hinojosa, dijo que se atender\u00e1n [&hellip;]<\/p>\n","protected":false},"author":2,"featured_media":0,"comment_status":"open","ping_status":"open","sticky":false,"template":"","format":"standard","meta":{"jetpack_post_was_ever_published":false,"_jetpack_newsletter_access":"","_jetpack_dont_email_post_to_subs":false,"_jetpack_newsletter_tier_id":0,"_jetpack_memberships_contains_paywalled_content":false,"_jetpack_memberships_contains_paid_content":false,"footnotes":"","jetpack_publicize_message":"","jetpack_publicize_feature_enabled":true,"jetpack_social_post_already_shared":true,"jetpack_social_options":{"image_generator_settings":{"template":"highway","default_image_id":0,"font":"","enabled":false},"version":2}},"categories":[1],"tags":[],"class_list":{"0":"post-5934","1":"post","2":"type-post","3":"status-publish","4":"format-standard","6":"category-uncategorized"},"jetpack_publicize_connections":[],"jetpack_featured_media_url":"","jetpack_sharing_enabled":true,"jetpack_shortlink":"https:\/\/wp.me\/p9Ynjw-1xI","jetpack-related-posts":[{"id":31845,"url":"https:\/\/redaccionoaxaca.com\/index.php\/2024\/05\/20\/en-1-ano-seccion-22-del-snte-ha-recibido-3-mil-953-3-mdp-ieepo\/","url_meta":{"origin":5934,"position":0},"title":"En 1 a\u00f1o, Secci\u00f3n 22 del SNTE ha recibido 3 mil 953.3 mdp: IEEPO","author":"ariadna","date":"mayo 20, 2024","format":false,"excerpt":"#Redacci\u00f3nOaxaca #Oaxaca Jaime GUERRERO Tras el amague de dirigencia de la Secci\u00f3n 22 del Sindicato Nacional de Trabajadores de la Educaci\u00f3n (SNTE), de un boicot al proceso electoral, por falta de respuesta a sus demandas, el titular del Instituto Estatal de Educaci\u00f3n Publica de Oaxaca (IEEPO), Emilio Montero P\u00e9rez revel\u00f3\u2026","rel":"","context":"En &quot;Agenda Pol\u00edtica&quot;","block_context":{"text":"Agenda Pol\u00edtica","link":"https:\/\/redaccionoaxaca.com\/index.php\/category\/agenda-politica\/"},"img":{"alt_text":"","src":"","width":0,"height":0},"classes":[]},{"id":23885,"url":"https:\/\/redaccionoaxaca.com\/index.php\/2022\/02\/04\/en-oaxaca-hay-estabilidad-educativa-ieepo\/","url_meta":{"origin":5934,"position":1},"title":"En Oaxaca hay estabilidad educativa: IEEPO.","author":"ariadna","date":"febrero 4, 2022","format":false,"excerpt":"#Redacci\u00f3nOaxaca #Oaxaca Jaime GUERRERO En Oaxaca, los servicios educativos operan bajo los principios de inclusi\u00f3n, equidad e interculturalidad, utilizando actualmente estrategias que armonizan el derecho a la educaci\u00f3n con el cuidado de la salud y la vida, debido a la pandemia que nos aqueja, afirm\u00f3 el encargado de Despacho de\u2026","rel":"","context":"En &quot;Agenda Pol\u00edtica&quot;","block_context":{"text":"Agenda Pol\u00edtica","link":"https:\/\/redaccionoaxaca.com\/index.php\/category\/agenda-politica\/"},"img":{"alt_text":"","src":"","width":0,"height":0},"classes":[]},{"id":35915,"url":"https:\/\/redaccionoaxaca.com\/index.php\/2025\/03\/03\/en-dos-anos-beneficios-economicos-y-en-especie-de-magisterio-normalistas-de-oaxaca-paso-de-3-mil-500-mdp-a-14-mil-640-mdp-tienen-nombre-y-apellido-montero-perez\/","url_meta":{"origin":5934,"position":2},"title":"En dos a\u00f1os, beneficios econ\u00f3micos y en especie de magisterio-normalistas de Oaxaca pas\u00f3 de 3 mil 500 mdp a 14 mil 640 mdp; \u201ctienen nombre y apellido\u201d: Montero P\u00e9rez","author":"ariadna","date":"marzo 3, 2025","format":false,"excerpt":"#Redacci\u00f3nOaxaca #Oaxaca Jaime GUERRERO El titular del Instituto Estatal de Educaci\u00f3n P\u00fablica de Oaxaca (IEEPO), Emilio Montero P\u00e9rez, report\u00f3 que los bonos, becas, primas v\u00eda pol\u00edtica, bonos para jubilados, material y mobiliario educativo para los normalistas e integrantes de la Secci\u00f3n 22 del Sindicato Nacional de Trabajadores de la Educaci\u00f3n\u2026","rel":"","context":"En &quot;Agenda Pol\u00edtica&quot;","block_context":{"text":"Agenda Pol\u00edtica","link":"https:\/\/redaccionoaxaca.com\/index.php\/category\/agenda-politica\/"},"img":{"alt_text":"","src":"","width":0,"height":0},"classes":[]},{"id":10861,"url":"https:\/\/redaccionoaxaca.com\/index.php\/2020\/02\/26\/seccion-22-provoca-dano-a-la-hacienda-publica-por-75-4-mdp\/","url_meta":{"origin":5934,"position":3},"title":"Secci\u00f3n 22 provoca da\u00f1o a la Hacienda P\u00fablica por 75.4 mdp","author":"ariadna","date":"febrero 26, 2020","format":false,"excerpt":"#Redacci\u00f3nOaxaca #Oaxaca Jaime GUERRERO Por las irregularidades en que han incurrido grupos al interior de la Seccion 22 del Sindicato Nacional de Trabajadores de la Educaci\u00f3n (SNTE), a propiciar la autoreubicaci\u00f3n de docentes en escuelas, sin el aval de la autoridad educativa (SEP-IEEPO), la Auditor\u00eda Superior de la Federaci\u00f3n (ASF)\u2026","rel":"","context":"Entrada similar ","block_context":{"text":"Entrada similar ","link":""},"img":{"alt_text":"","src":"","width":0,"height":0},"classes":[]},{"id":16058,"url":"https:\/\/redaccionoaxaca.com\/index.php\/2021\/01\/04\/ejercio-ieepo-8-6-mdp-en-estrategias-para-el-fortalecimiento-de-las-escuelas-normales\/","url_meta":{"origin":5934,"position":4},"title":"Ejerci\u00f3 IEEPO 8.6 MDP en estrategias para  el fortalecimiento de las escuelas normales.","author":"ariadna","date":"enero 4, 2021","format":false,"excerpt":"#Redacci\u00f3nOaxaca #Oaxaca Oaxaca de Ju\u00e1rez, Oax. 4 enero de 2021.- Con el objetivo de fortalecer la organizaci\u00f3n, el funcionamiento y la transformaci\u00f3n de las 11 Escuelas Normales que funcionan en la entidad, consolidando acciones tendientes a incrementar la excelencia educativa y profesionalizaci\u00f3n de sus docentes, el Gobierno del Estado, a\u2026","rel":"","context":"En &quot;Al Cierre&quot;","block_context":{"text":"Al Cierre","link":"https:\/\/redaccionoaxaca.com\/index.php\/category\/al-cierre\/"},"img":{"alt_text":"","src":"https:\/\/i0.wp.com\/redaccionoaxaca.com\/wp-content\/uploads\/2021\/01\/IMG-20210104-WA0161-300x217.jpg?resize=350%2C200","width":350,"height":200},"classes":[]},{"id":8403,"url":"https:\/\/redaccionoaxaca.com\/index.php\/2019\/09\/10\/4-mil-700-mdp-destinados-a-reconstruccion-en-el-istmo-detenidos-por-proceso-burocraticos\/","url_meta":{"origin":5934,"position":5},"title":"4 mil 700 mdp destinados a reconstrucci\u00f3n en el Istmo, detenidos por proceso burocr\u00e1ticos.","author":"ariadna","date":"septiembre 10, 2019","format":false,"excerpt":"#Redacci\u00f3nOaxaca #Oaxaca Jaime GUERRERO El titular de la Coordinaci\u00f3n Estatal de Protecci\u00f3n Civil, Heliodoro D\u00edaz Escarraga, confirm\u00f3 que el gobierno federal, replante\u00f3 el proceso de reconstrucci\u00f3n de los municipios devastados por los sismos del 2017, y que, los 4 mil 700 millones de pesos que se destinaran a Oaxaca, est\u00e1n\u2026","rel":"","context":"Entrada similar ","block_context":{"text":"Entrada similar ","link":""},"img":{"alt_text":"","src":"","width":0,"height":0},"classes":[]}],"_links":{"self":[{"href":"https:\/\/redaccionoaxaca.com\/index.php\/wp-json\/wp\/v2\/posts\/5934","targetHints":{"allow":["GET"]}}],"collection":[{"href":"https:\/\/redaccionoaxaca.com\/index.php\/wp-json\/wp\/v2\/posts"}],"about":[{"href":"https:\/\/redaccionoaxaca.com\/index.php\/wp-json\/wp\/v2\/types\/post"}],"author":[{"embeddable":true,"href":"https:\/\/redaccionoaxaca.com\/index.php\/wp-json\/wp\/v2\/users\/2"}],"replies":[{"embeddable":true,"href":"https:\/\/redaccionoaxaca.com\/index.php\/wp-json\/wp\/v2\/comments?post=5934"}],"version-history":[{"count":1,"href":"https:\/\/redaccionoaxaca.com\/index.php\/wp-json\/wp\/v2\/posts\/5934\/revisions"}],"predecessor-version":[{"id":5936,"href":"https:\/\/redaccionoaxaca.com\/index.php\/wp-json\/wp\/v2\/posts\/5934\/revisions\/5936"}],"wp:attachment":[{"href":"https:\/\/redaccionoaxaca.com\/index.php\/wp-json\/wp\/v2\/media?parent=5934"}],"wp:term":[{"taxonomy":"category","embeddable":true,"href":"https:\/\/redaccionoaxaca.com\/index.php\/wp-json\/wp\/v2\/categories?post=5934"},{"taxonomy":"post_tag","embeddable":true,"href":"https:\/\/redaccionoaxaca.com\/index.php\/wp-json\/wp\/v2\/tags?post=5934"}],"curies":[{"name":"wp","href":"https:\/\/api.w.org\/{rel}","templated":true}]}}