{"id":6647,"date":"2019-05-06T08:00:53","date_gmt":"2019-05-06T13:00:53","guid":{"rendered":"http:\/\/redaccionoaxaca.com\/?p=6647"},"modified":"2019-05-05T23:07:01","modified_gmt":"2019-05-06T04:07:01","slug":"pese-a-mala-imagen-de-ambulantes-oaxaca-de-juarez-destino-preferido-del-turismo-extranjero","status":"publish","type":"post","link":"https:\/\/redaccionoaxaca.com\/index.php\/2019\/05\/06\/pese-a-mala-imagen-de-ambulantes-oaxaca-de-juarez-destino-preferido-del-turismo-extranjero\/","title":{"rendered":"Pese a mala imagen de ambulantes, Oaxaca\u00a0  de Ju\u00e1rez, destino preferido del turismo extranjero."},"content":{"rendered":"<p class=\"x_ydp1131ddaaMsoNormal\">\n<p class=\"x_ydp1131ddaaMsoNormal\"><strong>#Redacci\u00f3nOaxaca<\/strong><\/p>\n<p><strong>#Oaxaca<\/strong><\/p>\n<p class=\"x_ydp1131ddaaMsoNormal\"><strong>Jaime GUERRERO\u00a0<\/strong><\/p>\n<p class=\"x_ydp1131ddaaMsoNormal\" style=\"text-align: justify;\">Pese a la postal que enmarca el comercio ambulante ilegal, con un crecimiento del 48.6 por ciento de incremento de turismo extranjero durante marzo, Oaxaca de Ju\u00e1rez es uno de los destinos predilectos entre todos los Estados del pa\u00eds.<\/p>\n<p class=\"x_ydp1131ddaaMsoNormal\" style=\"text-align: justify;\">Mientras que en marzo de 2018 el n\u00famero de visitantes extranjeros que arribaron a la capital durante fue de 8,131 visitantes, en 2019 creci\u00f3 a 12,081, es decir 48.6 por ciento m\u00e1s de un mes a otros, el mayor registrado en relaci\u00f3n con otros aeropuertos del pa\u00eds.<\/p>\n<p class=\"x_ydp1131ddaaMsoNormal\" style=\"text-align: justify;\">El secretario de turismo, Juan Carlos Rivera Castellanos, destac\u00f3 que parte del crecimiento en el rubro esta relacionado con los 15 nuevos vuelos m\u00e1s, entre ellos la ruta del Baj\u00edo, el occidente, la zona norte, adem\u00e1s de la ruta maya, sin dejar de mencionar las conexiones que hay con 6 ciudades de Estados Unidos, entre ellas, Dallas, Los \u00c1ngeles, y Houston.<\/p>\n<p class=\"x_ydp1131ddaaMsoNormal\" style=\"text-align: justify;\">As\u00ed, el turismo latinoamericano, creci\u00f3 en Oaxaca, entre un 35\u00a0\u00a0y 45 por ciento, principalmente los visitantes argentinos y colombianos.<\/p>\n<p class=\"x_ydp1131ddaaMsoNormal\" style=\"text-align: justify;\">Mientras que el turismo canadiense creci\u00f3 en un 25 por ciento; una afluencia de 65 mil visitantes por a\u00f1o. A su vez el norteamericano creci\u00f3 en un 37 por ciento y el europeo report\u00f3 un repunte del 19 por ciento, con el arribo de turistas alemanes, espa\u00f1oles y franceses.<\/p>\n<p class=\"x_ydp1131ddaaMsoNormal\" style=\"text-align: justify;\">Para los destinos tur\u00edsticos, la presencia de turismo extranjero representa una mayor generaci\u00f3n de divisas. De acuerdo con datos de la Secretar\u00eda de Turismo Federal, en este a\u00f1o el gasto de los turistas de internaci\u00f3n se increment\u00f3 notoriamente en el primer mes de 2019, al destinar 1,014.9 d\u00f3lares durante su estancia en M\u00e9xico. Lo anterior represent\u00f3 un aumento de 19.3 por ciento con respecto al mismo periodo de 2018.<\/p>\n<p class=\"x_ydp1131ddaaMsoNormal\" style=\"text-align: justify;\">El gasto promedio de quienes ingresan v\u00eda a\u00e9rea es de 1,074.20 d\u00f3lares, mientras que quienes ingresan v\u00eda terrestre generan derrama por 526 d\u00f3lares.<\/p>\n<p class=\"x_ydp1131ddaaMsoNormal\" style=\"text-align: justify;\">De acuerdo con cifras de ASUR, del total de pasajeros por el periodo del mes de marzo de 2019 increment\u00f3 en 7.4 por ciento comparado con marzo de 2018, reflejando un incremento de 3.2 por ciento en todo el pa\u00eds.<\/p>\n<p class=\"x_ydp1131ddaaMsoNormal\" style=\"text-align: justify;\">Desde el 2014 a la fecha el arribo de turistas extranjeros se increment\u00f3 en un 25 por ciento para Oaxaca al pasar de 161 mil 263 a 213 mil 946 en 2017, revelan cifras de Asur.<\/p>\n","protected":false},"excerpt":{"rendered":"<p>#Redacci\u00f3nOaxaca #Oaxaca Jaime GUERRERO\u00a0 Pese a la postal que enmarca el comercio ambulante ilegal, con un crecimiento del 48.6 por ciento de incremento de turismo extranjero durante marzo, Oaxaca de Ju\u00e1rez es uno de los destinos predilectos entre todos los Estados del pa\u00eds. Mientras que en marzo de 2018 el n\u00famero de visitantes extranjeros que [&hellip;]<\/p>\n","protected":false},"author":2,"featured_media":0,"comment_status":"open","ping_status":"open","sticky":false,"template":"","format":"standard","meta":{"jetpack_post_was_ever_published":false,"_jetpack_newsletter_access":"","_jetpack_dont_email_post_to_subs":false,"_jetpack_newsletter_tier_id":0,"_jetpack_memberships_contains_paywalled_content":false,"_jetpack_memberships_contains_paid_content":false,"footnotes":"","jetpack_publicize_message":"","jetpack_publicize_feature_enabled":true,"jetpack_social_post_already_shared":true,"jetpack_social_options":{"image_generator_settings":{"template":"highway","default_image_id":0,"font":"","enabled":false},"version":2}},"categories":[1],"tags":[],"class_list":{"0":"post-6647","1":"post","2":"type-post","3":"status-publish","4":"format-standard","6":"category-uncategorized"},"jetpack_publicize_connections":[],"jetpack_featured_media_url":"","jetpack_sharing_enabled":true,"jetpack_shortlink":"https:\/\/wp.me\/p9Ynjw-1Jd","jetpack-related-posts":[{"id":6394,"url":"https:\/\/redaccionoaxaca.com\/index.php\/2019\/04\/22\/1-mil-119-mdp-la-derrama-economica-por-vacaciones-de-semana-santa-en-oaxaca\/","url_meta":{"origin":6647,"position":0},"title":"1 mil 119 mdp la derrama econ\u00f3mica  por vacaciones de Semana Santa en Oaxaca.","author":"jaime","date":"abril 22, 2019","format":false,"excerpt":"#Redacci\u00f3nOaxaca #Oaxaca Jaime GUERRERO La Secretar\u00eda de Turismo del Gobierno del Estado (Sectur) estim\u00f3 que en las vacaciones de Semana Santa, habr\u00e1 un crecimiento del 6.65 por ciento con respecto al a\u00f1o anterior, con una ocupaci\u00f3n hotelera del 63 por ciento y una derrama de 1 mil 119 millones de\u2026","rel":"","context":"Entrada similar ","block_context":{"text":"Entrada similar ","link":""},"img":{"alt_text":"","src":"","width":0,"height":0},"classes":[]},{"id":7707,"url":"https:\/\/redaccionoaxaca.com\/index.php\/2019\/07\/23\/cerrara-2019-con-la-visita-a-mexico-de-43-millones-de-turistas-internacionales-dejaran-derrama-de-23-mil-600-mdd-torruco\/","url_meta":{"origin":6647,"position":1},"title":"Cerrar\u00e1 2019 con la visita a M\u00e9xico de 43 millones de turistas   internacionales; dejaran derrama de 23 mil 600 mdd: Torruco.","author":"jaime","date":"julio 23, 2019","format":false,"excerpt":"#Redacci\u00f3nOaxaca #Oaxaca Jaime GUERRERO El Secretario de Turismo Federal, Miguel Torruco M\u00e1rquez, estim\u00f3 que el 2019, M\u00e9xico cerrar\u00e1 con el arrib\u00f3 43 millones de turistas internacionales, lo que representar\u00e1 un incremento de 4.7 por ciento respecto al a\u00f1o anterior, dejando una derrama econ\u00f3mica de 23 mil 600 millones de d\u00f3lares,\u2026","rel":"","context":"Entrada similar ","block_context":{"text":"Entrada similar ","link":""},"img":{"alt_text":"","src":"","width":0,"height":0},"classes":[]},{"id":38836,"url":"https:\/\/redaccionoaxaca.com\/index.php\/2025\/10\/22\/oaxaca-de-juarez-se-alista-para-recibir-el-dia-de-muertos-con-embellecimiento-de-panteones-y-espacios-publicos\/","url_meta":{"origin":6647,"position":2},"title":"Oaxaca de Ju\u00e1rez se alista para recibir el D\u00eda de Muertos con embellecimiento de panteones y espacios p\u00fablicos","author":"ariadna","date":"octubre 22, 2025","format":false,"excerpt":"#Redacci\u00f3nOaxaca #Oaxaca La secretaria de Turismo del municipio de Oaxaca de Ju\u00e1rez, Alicia Bueno, anunci\u00f3 un operativo especial de limpieza, seguridad y actividades culturales para las festividades En v\u00edsperas de las festividades del D\u00eda de Muertos, el Ayuntamiento de Oaxaca de Ju\u00e1rez inici\u00f3 los trabajos de embellecimiento y mejoramiento urbano\u2026","rel":"","context":"En &quot;Imagen&quot;","block_context":{"text":"Imagen","link":"https:\/\/redaccionoaxaca.com\/index.php\/category\/imagen\/"},"img":{"alt_text":"","src":"","width":0,"height":0},"classes":[]},{"id":3682,"url":"https:\/\/redaccionoaxaca.com\/index.php\/2018\/11\/05\/oaxaca-destinos-mas-visitados-en-muertos-travel-and-leisure\/","url_meta":{"origin":6647,"position":3},"title":"Oaxaca destinos m\u00e1s visitados\u00a0en Muertos: Travel and Leisure","author":"denise","date":"noviembre 5, 2018","format":false,"excerpt":"#Redacci\u00f3nOaxaca\u00a0 Jaime GUERRERO\u00a0 Concluidas las festividades de muertos, Oaxaca se ubic\u00f3 como uno de los cinco destinos de mayor inter\u00e9s tur\u00edstico durante la presente temporada, destac\u00f3 la edici\u00f3n especializadas en turismo, Travel and Leisure. Travel and Leisure reconoci\u00f3 a Oaxaca como \u201cel estado m\u00e1s enriquecido natural y culturalmente\u201d. Oaxaca -se\u00f1al\u00f3-\u2026","rel":"","context":"En &quot;Agenda Pol\u00edtica&quot;","block_context":{"text":"Agenda Pol\u00edtica","link":"https:\/\/redaccionoaxaca.com\/index.php\/category\/agenda-politica\/"},"img":{"alt_text":"","src":"","width":0,"height":0},"classes":[]},{"id":35665,"url":"https:\/\/redaccionoaxaca.com\/index.php\/2025\/02\/14\/crece-la-conectividad-aerea-de-oaxaca-durante-enero-2025-sectur\/","url_meta":{"origin":6647,"position":4},"title":"Crece la conectividad a\u00e9rea de Oaxaca durante enero 2025: Sectur","author":"ariadna","date":"febrero 14, 2025","format":false,"excerpt":"#Redacci\u00f3nOaxaca #Oaxaca \u2022 La dependencia inform\u00f3 una ocupaci\u00f3n del 84.12 por ciento en los cuatro aeropuertos del estado; y el crecimiento del flujo de pasajeros nacionales e internacionales Oaxaca de Ju\u00e1rez, Oax. 14 de febrero de 2025.- La Secretar\u00eda de Turismo del Estado (Sectur Oaxaca) inform\u00f3 que los cuatro aeropuertos\u2026","rel":"","context":"En &quot;Al Cierre&quot;","block_context":{"text":"Al Cierre","link":"https:\/\/redaccionoaxaca.com\/index.php\/category\/al-cierre\/"},"img":{"alt_text":"","src":"https:\/\/i0.wp.com\/redaccionoaxaca.com\/wp-content\/uploads\/2025\/02\/IMG-20250214-WA0175-300x200.jpg?resize=350%2C200&ssl=1","width":350,"height":200},"classes":[]},{"id":454,"url":"https:\/\/redaccionoaxaca.com\/index.php\/2018\/06\/19\/movilizaciones-de-s22-desplomo-20-el-turismo-en-oaxaca\/","url_meta":{"origin":6647,"position":5},"title":"Movilizaciones de S22 desplom\u00f3 20 % el turismo en Oaxaca","author":"citlali","date":"junio 19, 2018","format":false,"excerpt":"La presencia de los maestros en las calles de Oaxaca durante 23 d\u00edas ocasion\u00f3 un desplome del 20 por ciento en la actividad tur\u00edstica del estado, se\u00f1al\u00f3 el secretario de turismo de Oaxaca, Juan Carlos Rivera Castellanos. El funcionario indic\u00f3 que de manera tradicional este mes no es de una\u2026","rel":"","context":"Entrada similar ","block_context":{"text":"Entrada similar ","link":""},"img":{"alt_text":"","src":"","width":0,"height":0},"classes":[]}],"_links":{"self":[{"href":"https:\/\/redaccionoaxaca.com\/index.php\/wp-json\/wp\/v2\/posts\/6647","targetHints":{"allow":["GET"]}}],"collection":[{"href":"https:\/\/redaccionoaxaca.com\/index.php\/wp-json\/wp\/v2\/posts"}],"about":[{"href":"https:\/\/redaccionoaxaca.com\/index.php\/wp-json\/wp\/v2\/types\/post"}],"author":[{"embeddable":true,"href":"https:\/\/redaccionoaxaca.com\/index.php\/wp-json\/wp\/v2\/users\/2"}],"replies":[{"embeddable":true,"href":"https:\/\/redaccionoaxaca.com\/index.php\/wp-json\/wp\/v2\/comments?post=6647"}],"version-history":[{"count":1,"href":"https:\/\/redaccionoaxaca.com\/index.php\/wp-json\/wp\/v2\/posts\/6647\/revisions"}],"predecessor-version":[{"id":6649,"href":"https:\/\/redaccionoaxaca.com\/index.php\/wp-json\/wp\/v2\/posts\/6647\/revisions\/6649"}],"wp:attachment":[{"href":"https:\/\/redaccionoaxaca.com\/index.php\/wp-json\/wp\/v2\/media?parent=6647"}],"wp:term":[{"taxonomy":"category","embeddable":true,"href":"https:\/\/redaccionoaxaca.com\/index.php\/wp-json\/wp\/v2\/categories?post=6647"},{"taxonomy":"post_tag","embeddable":true,"href":"https:\/\/redaccionoaxaca.com\/index.php\/wp-json\/wp\/v2\/tags?post=6647"}],"curies":[{"name":"wp","href":"https:\/\/api.w.org\/{rel}","templated":true}]}}