{"id":6683,"date":"2019-05-07T20:02:03","date_gmt":"2019-05-08T01:02:03","guid":{"rendered":"http:\/\/redaccionoaxaca.com\/?p=6683"},"modified":"2019-05-07T20:02:03","modified_gmt":"2019-05-08T01:02:03","slug":"300-mil-personas-viven-con-discapacidad-en-oaxaca-este-mayo-habra-jornadas-medicas-gratuitas","status":"publish","type":"post","link":"https:\/\/redaccionoaxaca.com\/index.php\/2019\/05\/07\/300-mil-personas-viven-con-discapacidad-en-oaxaca-este-mayo-habra-jornadas-medicas-gratuitas\/","title":{"rendered":"300 mil personas viven con discapacidad en Oaxaca, este mayo habr\u00e1  jornadas m\u00e9dicas gratuitas."},"content":{"rendered":"<p class=\"x_MsoNormal\" style=\"text-align: left;\" align=\"center\"><strong>#Redacci\u00f3nOaxaca<\/strong><\/p>\n<p style=\"text-align: left;\" align=\"center\"><strong>#Oaxaca<\/strong><\/p>\n<p style=\"text-align: left;\" align=\"center\"><strong>Maira Ric\u00e1rdez<\/strong><\/p>\n<p class=\"x_MsoNormal\" style=\"text-align: justify;\">En el Estado de Oaxaca, de acuerdo al \u00faltimo censo del Instituto Nacional de Estad\u00edstica y Geograf\u00eda (INEGI) existen\u00a0\u00a0alrededor de 300 mil personas con discapacidad de diversos tipos, la mayor\u00eda se trata de alguna discapacidad motriz, estableci\u00f3 la Directora de Operaci\u00f3n de Bienestar del Sistema DIF Oaxaca, Blanca Islas, y lo que se busca con programas enfocados al sector es que se visibilice a este sector como un grupo que tiene necesidades pero tambi\u00e9n derechos, que no pide m\u00e1s que el resto pero si respeto y mecanismos de inclusi\u00f3n.<\/p>\n<p class=\"x_MsoNormal\" style=\"text-align: justify;\">En este contexto Mayo fue decretado como es el mes de la discapacidad, con el prop\u00f3sito de promover el desarrollo humano, la integraci\u00f3n social de las personas con discapacidad a trav\u00e9s de proyectos, programas y modelos asistenciales que potencien sus habilidades y capacidades para su incorporaci\u00f3n a la vida productiva en un contexto de equidad y bienestar familiar, acciones que buscan difundir en la calenda a realizar este jueves 09 de mayo, encabezada por la Presidenta Estatal del DIF Oaxaca, saldr\u00e1 a las 6 de la tarde del atrio de Sto. Domingo de Guzm\u00e1n.<\/p>\n<p class=\"x_MsoNormal\" style=\"text-align: justify;\">De esta manera, es justo este mes, cuando el Sistema DIF realizar\u00e1 una jornada de cirug\u00edas para atender justamente a este sector:<\/p>\n<p class=\"x_MsoNormal\" style=\"text-align: justify;\">*Jornada de pr\u00f3tesis ocular del 15 al 17 de mayo, dirigida a pacientes que nacieron sin la correcta formaci\u00f3n de uno o ambos ojos, \u00f3 pacientes que perdieron el ojo por traumatismo, infecci\u00f3n, c\u00e1ncer u otras complicaciones.<\/p>\n<p class=\"x_MsoNormal\" style=\"text-align: justify;\">*Prevaloraci\u00f3n de cirug\u00eda de labio y paladar hendido el d\u00eda 22 de mayo, dirigida a ni\u00f1as, ni\u00f1os y adolescentes de los 6 meses a los 17 a\u00f1os.<\/p>\n<p class=\"x_MsoNormal\" style=\"text-align: justify;\">*Prevaloraci\u00f3n de cirug\u00eda de manos el d\u00eda 25 de mayo, dirigida a personas con artritis, mano cong\u00e9nita, reum\u00e1tica, secuelas de lesiones, quiste sinoval, tumores benignos.<\/p>\n<p class=\"x_MsoNormal\" style=\"text-align: justify;\">*Jornada de pr\u00f3tesis dental del 05 al 07 de mayo, esta jornada tendr\u00e1 efecto solamente en Ciudad Ixtepec, Istmo de Tehuantepec, en el auditorio Municipal.<\/p>\n<p class=\"x_MsoNormal\" style=\"text-align: justify;\">Para los interesados, el n\u00famero del DIF es el 951 5015050, extensi\u00f3n 1070, 1071 \u00f3 1441 y para registrarse como candidato a cirug\u00eda, debe presentarse en el DIOF, ubicado en Vicente Guerrero 114, Col. Miguel Alem\u00e1n, Oaxaca de Ju\u00e1rez.<\/p>\n<p class=\"x_MsoNormal\" style=\"text-align: justify;\">Para ser beneficiario, es indispensable contar con credencial de elector, si se trata de un menor, acta de nacimiento, comprobante de domicilio, credencial de elector del tutor, expediente cl\u00ednico y Clave \u00danica de Registro Poblacional (CURP).<\/p>\n<p class=\"x_MsoNormal\" style=\"text-align: justify;\">*Foto de red.<\/p>\n","protected":false},"excerpt":{"rendered":"<p>#Redacci\u00f3nOaxaca #Oaxaca Maira Ric\u00e1rdez En el Estado de Oaxaca, de acuerdo al \u00faltimo censo del Instituto Nacional de Estad\u00edstica y Geograf\u00eda (INEGI) existen\u00a0\u00a0alrededor de 300 mil personas con discapacidad de diversos tipos, la mayor\u00eda se trata de alguna discapacidad motriz, estableci\u00f3 la Directora de Operaci\u00f3n de Bienestar del Sistema DIF Oaxaca, Blanca Islas, y lo [&hellip;]<\/p>\n","protected":false},"author":3,"featured_media":0,"comment_status":"open","ping_status":"open","sticky":false,"template":"","format":"standard","meta":{"jetpack_post_was_ever_published":false,"_jetpack_newsletter_access":"","_jetpack_dont_email_post_to_subs":false,"_jetpack_newsletter_tier_id":0,"_jetpack_memberships_contains_paywalled_content":false,"_jetpack_memberships_contains_paid_content":false,"footnotes":"","jetpack_publicize_message":"","jetpack_publicize_feature_enabled":true,"jetpack_social_post_already_shared":true,"jetpack_social_options":{"image_generator_settings":{"template":"highway","default_image_id":0,"font":"","enabled":false},"version":2}},"categories":[1],"tags":[],"class_list":{"0":"post-6683","1":"post","2":"type-post","3":"status-publish","4":"format-standard","6":"category-uncategorized"},"jetpack_publicize_connections":[],"jetpack_featured_media_url":"","jetpack_sharing_enabled":true,"jetpack_shortlink":"https:\/\/wp.me\/p9Ynjw-1JN","jetpack-related-posts":[{"id":3853,"url":"https:\/\/redaccionoaxaca.com\/index.php\/2018\/11\/13\/instalan-en-oaxaca-parques-incluyentes-para-personas-con-discapacidad\/","url_meta":{"origin":6683,"position":0},"title":"Instalan en Oaxaca parques incluyentes para personas con discapacidad","author":"citlali","date":"noviembre 13, 2018","format":false,"excerpt":"Una resbaladilla, un columpio o un m\u00f3vil, podr\u00edan no tener nada de extraordinario, sin embargo establecidos en los parques con sello incluyente, inaugurados este lunes, toman una dimensi\u00f3n distinta. \u00a0 La caracter\u00edstica principal de estos espacios de esparcimiento, es la prioridad a personas con discapacidad y adultas mayores para garantizarles\u2026","rel":"","context":"En &quot;Mesa de Redacci\u00f3n&quot;","block_context":{"text":"Mesa de Redacci\u00f3n","link":"https:\/\/redaccionoaxaca.com\/index.php\/category\/mesa-de-redaccion\/"},"img":{"alt_text":"","src":"","width":0,"height":0},"classes":[]},{"id":15362,"url":"https:\/\/redaccionoaxaca.com\/index.php\/2020\/11\/20\/rumbo-al-dia-internacional-de-la-discapacidad-el-dif-oaxaca-cimienta-la-inclusion-y-capacitacion-para-forjar-cuadros-competitivos-que-puedan-ser-incluidos-de-manera-integral\/","url_meta":{"origin":6683,"position":1},"title":"Rumbo al D\u00eda Internacional de la Discapacidad, el DIF Oaxaca cimienta la inclusi\u00f3n y capacitaci\u00f3n para forjar cuadros competitivos que puedan ser incluidos de manera integral.","author":"ariadna","date":"noviembre 20, 2020","format":false,"excerpt":"#Redacci\u00f3nOaxaca #Oaxaca Maira Ric\u00e1rdez Rumbo al D\u00eda Internacional de la Discapacidad que se conmemora el pr\u00f3ximo lunes 23 de noviembre, el Sistema para el Desarrollo Integral de la Familia (DIF) confirm\u00f3, -basados en los datos del INEGI-, un total de 280 mil personas con alg\u00fan tipo de discapacidad en el\u2026","rel":"","context":"En &quot;Al Cierre&quot;","block_context":{"text":"Al Cierre","link":"https:\/\/redaccionoaxaca.com\/index.php\/category\/al-cierre\/"},"img":{"alt_text":"","src":"","width":0,"height":0},"classes":[]},{"id":31760,"url":"https:\/\/redaccionoaxaca.com\/index.php\/2024\/05\/14\/juzgar-con-perspectiva-de-discapacidad-compromiso-del-poder-judicial-de-oaxaca\/","url_meta":{"origin":6683,"position":2},"title":"Juzgar con perspectiva de discapacidad, compromiso del Poder Judicial de Oaxaca","author":"ariadna","date":"mayo 14, 2024","format":false,"excerpt":"#Redacci\u00f3nOaxaca #Oaxaca Como parte de las pol\u00edticas de inclusi\u00f3n que promueve en el Poder Judicial del Estado la magistrada presidenta Berenice Ram\u00edrez Jim\u00e9nez, la vicepresidenta del Comit\u00e9 de Derechos Humanos de las Personas con Discapacidad de la Organizaci\u00f3n de las Naciones Unidas, doctora Amalia Gamio imparti\u00f3 la conferencia magistral \u201cLa\u2026","rel":"","context":"En &quot;Agenda Pol\u00edtica&quot;","block_context":{"text":"Agenda Pol\u00edtica","link":"https:\/\/redaccionoaxaca.com\/index.php\/category\/agenda-politica\/"},"img":{"alt_text":"","src":"","width":0,"height":0},"classes":[]},{"id":23984,"url":"https:\/\/redaccionoaxaca.com\/index.php\/2022\/02\/11\/video-hasta-4-mil-500-pesos-de-multa-se-cobran-a-quienes-invaden-cajones-para-personas-con-discapacidad-y-por-obstruir-ciclovias-mas-de-3-mil-pesos-2\/","url_meta":{"origin":6683,"position":3},"title":"VIDEO: Hasta 4 mil 500 pesos de multa se cobran a quienes invaden cajones para personas con discapacidad y por obstruir ciclov\u00edas m\u00e1s de 3 mil pesos.","author":"ariadna","date":"febrero 11, 2022","format":"video","excerpt":"#Redacci\u00f3nOaxaca #Oaxaca Ariadna Mendoza *Tan solo en el mes de enero, de este a\u00f1o, se levantaron 160 infracciones por estacionarse en lugares exclusivos para personas con discapacidad. La falta de cultura vial, expone la ignorancia de las personas, cuando hacen caso omiso a los se\u00f1alamientos y estacionan sus autos en\u2026","rel":"","context":"En &quot;Imagen&quot;","block_context":{"text":"Imagen","link":"https:\/\/redaccionoaxaca.com\/index.php\/category\/imagen\/"},"img":{"alt_text":"","src":"","width":0,"height":0},"classes":[]},{"id":30840,"url":"https:\/\/redaccionoaxaca.com\/index.php\/2024\/03\/11\/movimiento-ciudadano-y-fm-buscan-excluir-a-personas-con-discapacidad-de-sus-candidaturas-en-oaxaca\/","url_meta":{"origin":6683,"position":4},"title":"Movimiento Ciudadano y FM buscan excluir a personas con discapacidad de sus candidaturas en Oaxaca","author":"ariadna","date":"marzo 11, 2024","format":false,"excerpt":"#Redacci\u00f3nOaxaca #Oaxaca Jaime GUERRERO Personas con discapacidad presentaron ante el Instituto Estatal Electoral y de Participaci\u00f3n Ciudadana de Oaxaca (IEEPCO) un recurso de apelaci\u00f3n contra la impugnaci\u00f3n emitida por los partidos Movimiento Ciudadano y Fuerza por M\u00e9xico Oaxaca, quienes buscan impedir la postulaci\u00f3n de este grupo vulnerable en candidaturas a\u2026","rel":"","context":"En &quot;Agenda Pol\u00edtica&quot;","block_context":{"text":"Agenda Pol\u00edtica","link":"https:\/\/redaccionoaxaca.com\/index.php\/category\/agenda-politica\/"},"img":{"alt_text":"","src":"","width":0,"height":0},"classes":[]},{"id":39889,"url":"https:\/\/redaccionoaxaca.com\/index.php\/2026\/01\/12\/estudiante-con-discapacidad-agredido-en-cbtis-25-de-salina-cruz-recibe-atencion-integral-de-autoridades\/","url_meta":{"origin":6683,"position":5},"title":"Estudiante con discapacidad agredido en CBTis 25 de Salina Cruz recibe atenci\u00f3n integral de autoridades","author":"ariadna","date":"enero 12, 2026","format":false,"excerpt":"#Redacci\u00f3nOaxaca #Oaxaca Jaime GUERRERO El Gobierno de Oaxaca activ\u00f3 un protocolo de atenci\u00f3n integral para brindar acompa\u00f1amiento a un adolescente con discapacidad que fue v\u00edctima de agresi\u00f3n f\u00edsica por parte de compa\u00f1eros al interior del Centro de Bachillerato Tecnol\u00f3gico Industrial y de Servicios (CBTis) n\u00famero 25, en Salina Cruz. El\u2026","rel":"","context":"En &quot;Al Cierre&quot;","block_context":{"text":"Al Cierre","link":"https:\/\/redaccionoaxaca.com\/index.php\/category\/al-cierre\/"},"img":{"alt_text":"","src":"https:\/\/i0.wp.com\/redaccionoaxaca.com\/wp-content\/uploads\/2026\/01\/images-11-scaled.jpeg?fit=1200%2C673&ssl=1&resize=350%2C200","width":350,"height":200,"srcset":"https:\/\/i0.wp.com\/redaccionoaxaca.com\/wp-content\/uploads\/2026\/01\/images-11-scaled.jpeg?fit=1200%2C673&ssl=1&resize=350%2C200 1x, https:\/\/i0.wp.com\/redaccionoaxaca.com\/wp-content\/uploads\/2026\/01\/images-11-scaled.jpeg?fit=1200%2C673&ssl=1&resize=525%2C300 1.5x, https:\/\/i0.wp.com\/redaccionoaxaca.com\/wp-content\/uploads\/2026\/01\/images-11-scaled.jpeg?fit=1200%2C673&ssl=1&resize=700%2C400 2x, https:\/\/i0.wp.com\/redaccionoaxaca.com\/wp-content\/uploads\/2026\/01\/images-11-scaled.jpeg?fit=1200%2C673&ssl=1&resize=1050%2C600 3x"},"classes":[]}],"_links":{"self":[{"href":"https:\/\/redaccionoaxaca.com\/index.php\/wp-json\/wp\/v2\/posts\/6683","targetHints":{"allow":["GET"]}}],"collection":[{"href":"https:\/\/redaccionoaxaca.com\/index.php\/wp-json\/wp\/v2\/posts"}],"about":[{"href":"https:\/\/redaccionoaxaca.com\/index.php\/wp-json\/wp\/v2\/types\/post"}],"author":[{"embeddable":true,"href":"https:\/\/redaccionoaxaca.com\/index.php\/wp-json\/wp\/v2\/users\/3"}],"replies":[{"embeddable":true,"href":"https:\/\/redaccionoaxaca.com\/index.php\/wp-json\/wp\/v2\/comments?post=6683"}],"version-history":[{"count":1,"href":"https:\/\/redaccionoaxaca.com\/index.php\/wp-json\/wp\/v2\/posts\/6683\/revisions"}],"predecessor-version":[{"id":6685,"href":"https:\/\/redaccionoaxaca.com\/index.php\/wp-json\/wp\/v2\/posts\/6683\/revisions\/6685"}],"wp:attachment":[{"href":"https:\/\/redaccionoaxaca.com\/index.php\/wp-json\/wp\/v2\/media?parent=6683"}],"wp:term":[{"taxonomy":"category","embeddable":true,"href":"https:\/\/redaccionoaxaca.com\/index.php\/wp-json\/wp\/v2\/categories?post=6683"},{"taxonomy":"post_tag","embeddable":true,"href":"https:\/\/redaccionoaxaca.com\/index.php\/wp-json\/wp\/v2\/tags?post=6683"}],"curies":[{"name":"wp","href":"https:\/\/api.w.org\/{rel}","templated":true}]}}