{"id":7685,"date":"2019-07-19T07:50:51","date_gmt":"2019-07-19T12:50:51","guid":{"rendered":"http:\/\/redaccionoaxaca.com\/?p=7685"},"modified":"2019-07-19T07:50:51","modified_gmt":"2019-07-19T12:50:51","slug":"desestima-murat-fallas-en-operativos-de-seguridad-estamos-apretando-lugares-que-a-la-delincuencia-organizada-le-duele-dice","status":"publish","type":"post","link":"https:\/\/redaccionoaxaca.com\/index.php\/2019\/07\/19\/desestima-murat-fallas-en-operativos-de-seguridad-estamos-apretando-lugares-que-a-la-delincuencia-organizada-le-duele-dice\/","title":{"rendered":"Desestima Murat fallas en operativos de seguridad; \u201cestamos  apretando lugares que a la delincuencia organizada le duele\u201d, dice."},"content":{"rendered":"<p class=\"x_yiv5393075358ydp64f152b4MsoNormal\">\n<p class=\"x_yiv5393075358ydp64f152b4MsoNormal\"><b>#Redacci\u00f3nOaxaca<\/b><\/p>\n<p><strong>#Oaxaca<\/strong><\/p>\n<p class=\"x_yiv5393075358ydp64f152b4MsoNormal\"><b>Jaime GUERRERO<\/b><\/p>\n<p class=\"x_yiv5393075358ydp64f152b4MsoNormal\" style=\"text-align: justify;\">Tras el secuestro del hijo de un empresario -considerado delito de alto impacto- el Gobernador del Estado, Alejandro Murat Hinojosa, desestim\u00f3 fallas en su estrategia de combate a la incidencia delictiva y atribuy\u00f3 las acciones de la delincuencia organizada a reacciones por el combate al fen\u00f3meno delictivo.<\/p>\n<p class=\"x_yiv5393075358ydp64f152b4MsoNormal\" style=\"text-align: justify;\">\u201c<em>Estamos apretando lugares que a la delincuencia organizada le duele y bueno vamos a seguir sin titubeo con toda la fuerza del Estado<\/em>\u201d, ataj\u00f3 el mandatario, luego de que se considera que el mega operativo \u201cGuelaguetza Segura\u201d, fall\u00f3 frente al plagio de un meno en plenas calles del Centro Hist\u00f3rico y en las primeras horas del pasado mi\u00e9rcoles.<\/p>\n<p class=\"x_yiv5393075358ydp64f152b4MsoNormal\" style=\"text-align: justify;\">En lo que va del a\u00f1o se han registrado 11 secuestros en la entidad. Por lo pronto Murat Hinojosa, afirm\u00f3 que su Gobierno est\u00e1 ocupado en el rubro de seguridad y esa es la prioridad de su gobierno.<\/p>\n<p class=\"x_yiv5393075358ydp64f152b4MsoNormal\" style=\"text-align: justify;\">\u201c<em>Claramente ante toda acci\u00f3n hay reacciones y nosotros estamos trabajando para que esas reacciones sean de impacto menor a la poblaci\u00f3n, porque nuestra prioridad es la seguridad y la paz de la gente<\/em>\u201d, apunt\u00f3.<\/p>\n<p class=\"x_yiv5393075358ydp64f152b4MsoNormal\" style=\"text-align: justify;\">Por lo pronto, Murat Hinojosa, evit\u00f3 declarar si habr\u00eda cambios en la estrategia de seguridad coordinada con la Guardia Nacional, Sedena, Marina, Polic\u00eda Estatal y Municipal. \u201c<em>El operativo est\u00e1 caminando y seguir\u00e1 su ruta\u201d<\/em>, ataj\u00f3.<\/p>\n<p class=\"x_yiv5393075358ydp64f152b4MsoNormal\" style=\"text-align: justify;\">El operativo de seguridad entorn\u00f3 a las festividades de la Guelaguetza, apunt\u00f3, seguir\u00e1 brindando atenci\u00f3n al turismo internacional, nacional y locales.<\/p>\n<p class=\"x_yiv5393075358ydp64f152b4MsoNormal\" style=\"text-align: justify;\">No obstante, reiter\u00f3 que el incremento del delito en el estado forma parte de la reacci\u00f3n de los grupos criminales ante el combate emprendido por los distintos cuerpos de seguridad estatales y federales. \u201c<em>Estamos apretando en lugares que a la delincuencia organizada le duele. Vamos a seguir sin titubeo y con toda la fuerza del estado\u201d<\/em>, dijo.<\/p>\n<p class=\"x_yiv5393075358ydp64f152b4MsoNormal\" style=\"text-align: justify;\">De esta manera, Murat Hinojosa, descart\u00f3 que los recientes asesinatos y el secuestro del hijo de un empresario ocurrido en la \u00faltima semana, sea un s\u00edntoma de fracaso en la estrategia de seguridad establecida de manera coordinada con la Guardia Nacional.<\/p>\n<p class=\"x_yiv5393075358ydp64f152b4MsoNormal\" style=\"text-align: justify;\">Desde el pasado mes, elementos de la Guardia Nacional comenzaron su arribo a Oaxaca con el objetivo de establecerse en 15 puntos prioritarios: Ciudad Ixtepec, Juchit\u00e1n de Zaragoza, Santo Domingo Tehuantepec, Huajuapan de Le\u00f3n, Tlaxiaco, Huautla de Jim\u00e9nez, Ixtl\u00e1n de Ju\u00e1rez, Loma Bonita, Miahuatl\u00e1n de Porfirio D\u00edaz, Oaxaca de Ju\u00e1rez, Teotitl\u00e1n de Flores Mag\u00f3n, Tlacolula de Matamoros, Puerto escondido, Pinotepa Nacional y San Juan Bautista Tuxtepec.<\/p>\n<p class=\"x_yiv5393075358ydp64f152b4MsoNormal\" style=\"text-align: justify;\">Adicionalmente el pasado lunes, la Secretar\u00eda de Seguridad P\u00fablica de Oaxaca (SSPO) y distintas instancias dependientes de \u00e9sta, anunciaron un despliegue de seguridad en el que participan m\u00e1s de 3 mil efectivos, incluidos de la Guardia Nacional, para blindar Oaxaca en el marco de las festividades de la Guelaguetza.<\/p>\n<p class=\"x_yiv5393075358ydp64f152b4MsoNormal\" style=\"text-align: justify;\">No obstante, entre el domingo y lunes se registraron al menos 11 ejecuciones en Oaxaca, la mayor\u00eda de ellas la regi\u00f3n del Istmo y otras tres en la Sierra Norte. En el Istmo de Tehuantepec, ocho personas fueron ejecutadas en los municipios de Juchit\u00e1n, San Pedro Tapanatepec y Salina Cruz. En tanto que el pasado mi\u00e9rcoles una persona fue secuestrada en calles c\u00e9ntricas de la capital del estado a plena luz del d\u00eda.<\/p>\n","protected":false},"excerpt":{"rendered":"<p>#Redacci\u00f3nOaxaca #Oaxaca Jaime GUERRERO Tras el secuestro del hijo de un empresario -considerado delito de alto impacto- el Gobernador del Estado, Alejandro Murat Hinojosa, desestim\u00f3 fallas en su estrategia de combate a la incidencia delictiva y atribuy\u00f3 las acciones de la delincuencia organizada a reacciones por el combate al fen\u00f3meno delictivo. \u201cEstamos apretando lugares que [&hellip;]<\/p>\n","protected":false},"author":2,"featured_media":0,"comment_status":"open","ping_status":"open","sticky":false,"template":"","format":"standard","meta":{"jetpack_post_was_ever_published":false,"_jetpack_newsletter_access":"","_jetpack_dont_email_post_to_subs":false,"_jetpack_newsletter_tier_id":0,"_jetpack_memberships_contains_paywalled_content":false,"_jetpack_memberships_contains_paid_content":false,"footnotes":"","jetpack_publicize_message":"","jetpack_publicize_feature_enabled":true,"jetpack_social_post_already_shared":true,"jetpack_social_options":{"image_generator_settings":{"template":"highway","default_image_id":0,"font":"","enabled":false},"version":2}},"categories":[1],"tags":[],"class_list":{"0":"post-7685","1":"post","2":"type-post","3":"status-publish","4":"format-standard","6":"category-uncategorized"},"jetpack_publicize_connections":[],"jetpack_featured_media_url":"","jetpack_sharing_enabled":true,"jetpack_shortlink":"https:\/\/wp.me\/p9Ynjw-1ZX","jetpack-related-posts":[{"id":5811,"url":"https:\/\/redaccionoaxaca.com\/index.php\/2019\/03\/20\/oaxaca-blinda-sus-cuatro-fronteras-por-delincuencia-organizada-ssp\/","url_meta":{"origin":7685,"position":0},"title":"Oaxaca blinda sus cuatro fronteras por delincuencia organizada: SSP","author":"denise","date":"marzo 20, 2019","format":"video","excerpt":"#Redacci\u00f3nOaxaca Jaime Guerrero El titular de la Secretar\u00eda de Seguridad P\u00fablica, Jos\u00e9 Raymundo Tu\u00f1\u00f3n Jauregui, anunci\u00f3 que se han blindado las cuatro fronteras de Oaxaca, con los Estados colindantes, ante el fen\u00f3meno de la delincuencia organizada. Ante el gobernador del estado, Alejandro Murat Hinojosa, detallo que en la Regi\u00f3n de\u2026","rel":"","context":"En &quot;Agenda Pol\u00edtica&quot;","block_context":{"text":"Agenda Pol\u00edtica","link":"https:\/\/redaccionoaxaca.com\/index.php\/category\/agenda-politica\/"},"img":{"alt_text":"","src":"","width":0,"height":0},"classes":[]},{"id":29137,"url":"https:\/\/redaccionoaxaca.com\/index.php\/2023\/08\/17\/migrantes-centroamericanos-se-asientan-en-oaxaca-roban-y-extorsionan-colombianos-y-venelozolanos-involucrados-con-delincuencia-organizada\/","url_meta":{"origin":7685,"position":1},"title":"Migrantes centroamericanos se asientan en Oaxaca, roban y extorsionan;  Colombianos y Venelozolanos involucrados con Delincuencia Organizada","author":"ariadna","date":"agosto 17, 2023","format":false,"excerpt":"#Redacci\u00f3nOaxaca #Oaxaca Jaime GUERRERO La presencia de migrantes de Centroam\u00e9rica y de Asia, representa un tema de inseguridad para Oaxaca, debido a que incurren en robo, extorsi\u00f3n y se involucran en actos de la delincuencia organizada, confirm\u00f3 el titular de la Secretar\u00eda de Seguridad P\u00fablica y Protecci\u00f3n Ciudadana (SSPYPC), Iv\u00e1n\u2026","rel":"","context":"En &quot;Imagen&quot;","block_context":{"text":"Imagen","link":"https:\/\/redaccionoaxaca.com\/index.php\/category\/imagen\/"},"img":{"alt_text":"","src":"","width":0,"height":0},"classes":[]},{"id":7052,"url":"https:\/\/redaccionoaxaca.com\/index.php\/2019\/06\/04\/vamos-sobre-aquellos-que-en-los-sindicatos-hagan-practicas-indebidas-advierte-murat-de-26-objetivos-se-han-detenido-19-dice\/","url_meta":{"origin":7685,"position":2},"title":"Vamos sobre aquellos que en los sindicatos hagan pr\u00e1cticas indebidas, advierte Murat; de 26 objetivos se han detenido 19, dice.","author":"jaime","date":"junio 4, 2019","format":"video","excerpt":"#Redacci\u00f3nOaxaca #Oaxaca Jaime GUERRERO El Gobernador del Estado, Alejandro Murat Hinojosa, sali\u00f3 al paso de las cr\u00edticas en su contra por los hechos violentos y asesinatos de alto impacto que se han registrados en la entidad en las \u00faltimas y lanz\u00f3 una advertencia: \u201cno vamos a titubear en la aplicaci\u00f3n\u2026","rel":"","context":"Entrada similar ","block_context":{"text":"Entrada similar ","link":""},"img":{"alt_text":"","src":"","width":0,"height":0},"classes":[]},{"id":8186,"url":"https:\/\/redaccionoaxaca.com\/index.php\/2019\/08\/28\/narcomenudistas-se-disputan-control-de-sitios-publicos-en-oaxaca\/","url_meta":{"origin":7685,"position":3},"title":"Narcomenudistas se disputan control de sitios p\u00fablicos en Oaxaca.","author":"ariadna","date":"agosto 28, 2019","format":"video","excerpt":"#Redacci\u00f3nOaxaca #Oaxaca Jaime GUERRERO El titular de la Secretar\u00eda de Seguridad P\u00fablica, Ra\u00fal Ernesto Salcedo Rosales, se\u00f1al\u00f3 que la presencia de \u201cnarcomantas\u201d en la capital y municipios de Oaxaca, adem\u00e1s de ser una estrategia medi\u00e1tica\u00a0de grupos de la delincuencia organizada, obedece al control del narcomenudeo en lugares p\u00fablicos como es\u2026","rel":"","context":"Entrada similar ","block_context":{"text":"Entrada similar ","link":""},"img":{"alt_text":"","src":"","width":0,"height":0},"classes":[]},{"id":24021,"url":"https:\/\/redaccionoaxaca.com\/index.php\/2022\/02\/14\/se-estabilizara-el-istmo-de-tehuantepec-afirma-gobernador-de-oaxaca-tras-hechos-violentos-y-ataques-mortales-en-la-zona\/","url_meta":{"origin":7685,"position":4},"title":"Se estabilizar\u00e1 el Istmo de Tehuantepec, afirma Gobernador   de Oaxaca, tras hechos violentos y ataques mortales en la zona.","author":"ariadna","date":"febrero 14, 2022","format":"video","excerpt":"#Redacci\u00f3nOaxaca #Oaxaca Jaime GUERRERO El Gobernador del Estado, Alejandro Murat Hinojosa, asegur\u00f3 que no habr\u00e1 impunidad en los hechos violentos que se han registrado en las \u00faltimos d\u00edas en la regi\u00f3n del Istmo de Tehuantec, entre ellos, el asesinato del periodista de Salina Cruz, Hebert L\u00f3pez y afirm\u00f3 que seinvestiga\u2026","rel":"","context":"En &quot;Imagen&quot;","block_context":{"text":"Imagen","link":"https:\/\/redaccionoaxaca.com\/index.php\/category\/imagen\/"},"img":{"alt_text":"","src":"","width":0,"height":0},"classes":[]},{"id":9120,"url":"https:\/\/redaccionoaxaca.com\/index.php\/2019\/11\/09\/recorte-a-prerrogativas-dara-paso-a-dinero-de-delincuencia-organizada-y-morena-utilizara-recursos-con-fin-electorales-prd\/","url_meta":{"origin":7685,"position":5},"title":"Recorte a prerrogativas dar\u00e1 paso a dinero de delincuencia organizada y Morena utilizar\u00e1 recursos con fin electorales: PRD.","author":"ariadna","date":"noviembre 9, 2019","format":false,"excerpt":"#Redacci\u00f3nOaxaca #Oaxaca Jaime GUERRERO El recorte a prerrogativas a partidos pol\u00edticos que plantea la reforma electoral en discusi\u00f3n en San L\u00e1zaro, abrir\u00eda la puerta a recursos provenientes de actividades il\u00edcitas, entre estos de la delincuencia organizada, se\u00f1al\u00f3 el presidente estatal del Partido de la Revoluci\u00f3n Democr\u00e1tica (PRD), Raymundo Carmona Laredo.\u2026","rel":"","context":"Entrada similar ","block_context":{"text":"Entrada similar ","link":""},"img":{"alt_text":"","src":"","width":0,"height":0},"classes":[]}],"_links":{"self":[{"href":"https:\/\/redaccionoaxaca.com\/index.php\/wp-json\/wp\/v2\/posts\/7685","targetHints":{"allow":["GET"]}}],"collection":[{"href":"https:\/\/redaccionoaxaca.com\/index.php\/wp-json\/wp\/v2\/posts"}],"about":[{"href":"https:\/\/redaccionoaxaca.com\/index.php\/wp-json\/wp\/v2\/types\/post"}],"author":[{"embeddable":true,"href":"https:\/\/redaccionoaxaca.com\/index.php\/wp-json\/wp\/v2\/users\/2"}],"replies":[{"embeddable":true,"href":"https:\/\/redaccionoaxaca.com\/index.php\/wp-json\/wp\/v2\/comments?post=7685"}],"version-history":[{"count":1,"href":"https:\/\/redaccionoaxaca.com\/index.php\/wp-json\/wp\/v2\/posts\/7685\/revisions"}],"predecessor-version":[{"id":7687,"href":"https:\/\/redaccionoaxaca.com\/index.php\/wp-json\/wp\/v2\/posts\/7685\/revisions\/7687"}],"wp:attachment":[{"href":"https:\/\/redaccionoaxaca.com\/index.php\/wp-json\/wp\/v2\/media?parent=7685"}],"wp:term":[{"taxonomy":"category","embeddable":true,"href":"https:\/\/redaccionoaxaca.com\/index.php\/wp-json\/wp\/v2\/categories?post=7685"},{"taxonomy":"post_tag","embeddable":true,"href":"https:\/\/redaccionoaxaca.com\/index.php\/wp-json\/wp\/v2\/tags?post=7685"}],"curies":[{"name":"wp","href":"https:\/\/api.w.org\/{rel}","templated":true}]}}