{"id":7861,"date":"2019-08-05T21:54:38","date_gmt":"2019-08-06T02:54:38","guid":{"rendered":"http:\/\/redaccionoaxaca.com\/?p=7861"},"modified":"2019-08-05T21:57:52","modified_gmt":"2019-08-06T02:57:52","slug":"incrementan-operativos-de-seguridad-en-el-estado","status":"publish","type":"post","link":"https:\/\/redaccionoaxaca.com\/index.php\/2019\/08\/05\/incrementan-operativos-de-seguridad-en-el-estado\/","title":{"rendered":"Incrementan operativos de seguridad en el Estado; 95 personas detenidas por presuntos actos delictivos."},"content":{"rendered":"<p>&nbsp;<\/p>\n<p><strong>#Redacci\u00f3nOaxaca<\/strong><\/p>\n<p><strong>#Oaxaca<\/strong><\/p>\n<p><strong>Ariadna Mendoza<\/strong><\/p>\n<p style=\"text-align: justify;\">El secretario de Seguridad P\u00fablica de Oaxaca, Ernesto Salcedo, anunci\u00f3 el incremento de operativos en el Estado, \u00e9sto a trav\u00e9s de la Policia Estatal en coordinaci\u00f3n con la Guardia Nacional, llev\u00e1ndose a cabo en zonas espec\u00edficas y regiones donde se han suscitado incidentes delictivas importantes\u00a0 como homicidios; entre ellos la Central de Abastos, Villa de Zaachila, pues dijo el objetivo principal es el rescate de espacios p\u00fablicos; mientras que en la regi\u00f3n del Istmo, especificamente en Chivela, Asunci\u00f3n Ixtaltepec, Mat\u00edas Romero y Santo Domingo Petapa se logr\u00f3 el aseguramiento de 4 campamentos con evidencias de presuntos grupos delictivos dedicados al robo de hidrocarburos.<\/p>\n<p style=\"text-align: justify;\">En este sentido el titular de seguridad expuso que de\u00a0 los 8 mil 74 recorridos de seguridad y vigilancia, se han detenido a 95 personas; 57 de ellas puestas a disposicion del Ministerio P\u00fablico del fuero com\u00fan y 38 puestos a disposicion de Ministerio P\u00fablico Federal.<\/p>\n<p style=\"text-align: justify;\">Asimismo el Secretario de Seguridad se\u00f1al\u00f3 que el trabajo en tema de seguridad tambi\u00e9n esta enfocado a resolver e identificar a las bandas o grupos delictivos del robo de veh\u00edculos, robo de autopartes y ruptura de cristales en autom\u00f3viles, narcomenudeo y robo; por lo que a trav\u00e9s del trabajo de la polic\u00eda municipal de Oaxaca, Santa Luc\u00eda del Camino y Xoxocotl\u00e1n,\u00a0 ya se tienen identificado al menos a 13 grupos dedicados a esta actividad delictiva, exponiendo que en pr\u00f3ximas fechas se puedan\u00a0 dar a conocer los resultados de la detenci\u00f3n de\u00a0 los responsables.<\/p>\n<p style=\"text-align: justify;\">Finalmente Ernesto Salsedo, dijo que la actividad delictiva es un tema prioritario que esta siendo atendido en la zona metropolitana as\u00ed como en las regiones del estado donde se han identificado al menos unos 15 municipios que concentran incidencias delictivas de alto impacto por lo que se trabaja en desarrollar estrategias para inhibir los delitos.<\/p>\n<p>*Foto de red.<\/p>\n<div style=\"width: 640px;\" class=\"wp-video\"><video class=\"wp-video-shortcode\" id=\"video-7861-1\" width=\"640\" height=\"352\" preload=\"metadata\" controls=\"controls\"><source type=\"video\/mp4\" src=\"http:\/\/redaccionoaxaca.com\/wp-content\/uploads\/2019\/08\/VID-20190805-WA0007.mp4?_=1\" \/><a href=\"http:\/\/redaccionoaxaca.com\/wp-content\/uploads\/2019\/08\/VID-20190805-WA0007.mp4\">http:\/\/redaccionoaxaca.com\/wp-content\/uploads\/2019\/08\/VID-20190805-WA0007.mp4<\/a><\/video><\/div>\n","protected":false},"excerpt":{"rendered":"<p>&nbsp; #Redacci\u00f3nOaxaca #Oaxaca Ariadna Mendoza El secretario de Seguridad P\u00fablica de Oaxaca, Ernesto Salcedo, anunci\u00f3 el incremento de operativos en el Estado, \u00e9sto a trav\u00e9s de la Policia Estatal en coordinaci\u00f3n con la Guardia Nacional, llev\u00e1ndose a cabo en zonas espec\u00edficas y regiones donde se han suscitado incidentes delictivas importantes\u00a0 como homicidios; entre ellos la [&hellip;]<\/p>\n","protected":false},"author":2,"featured_media":0,"comment_status":"open","ping_status":"open","sticky":false,"template":"","format":"video","meta":{"jetpack_post_was_ever_published":false,"_jetpack_newsletter_access":"","_jetpack_dont_email_post_to_subs":false,"_jetpack_newsletter_tier_id":0,"_jetpack_memberships_contains_paywalled_content":false,"_jetpack_memberships_contains_paid_content":false,"footnotes":"","jetpack_publicize_message":"","jetpack_publicize_feature_enabled":true,"jetpack_social_post_already_shared":true,"jetpack_social_options":{"image_generator_settings":{"template":"highway","default_image_id":0,"font":"","enabled":false},"version":2}},"categories":[1],"tags":[],"class_list":{"0":"post-7861","1":"post","2":"type-post","3":"status-publish","4":"format-video","6":"category-uncategorized","7":"post_format-post-format-video"},"jetpack_publicize_connections":[],"jetpack_featured_media_url":"","jetpack_sharing_enabled":true,"jetpack_shortlink":"https:\/\/wp.me\/p9Ynjw-22N","jetpack-related-posts":[{"id":7360,"url":"https:\/\/redaccionoaxaca.com\/index.php\/2019\/06\/25\/recuperan-playon-y-el-zocalo\/","url_meta":{"origin":7861,"position":0},"title":"Recuperan play\u00f3n \u2026\u00bfy el Zoc\u00e1lo?","author":"denise","date":"junio 25, 2019","format":false,"excerpt":"#Redacci\u00f3nOaxaca Jaime GUERRERO El titular del Secretariado Ejecutivo del Sistema Estatal de Seguridad P\u00fablica de Oaxaca (SESESPO), Jos\u00e9 Manuel Vera Salinas, confirm\u00f3 que el sitio denominado como el \u201cEl Play\u00f3n\u201d de la Central de Abasto, era un nicho de poder para los sindicatos que controlaban el cobro de derecho de\u2026","rel":"","context":"En &quot;Agenda Pol\u00edtica&quot;","block_context":{"text":"Agenda Pol\u00edtica","link":"https:\/\/redaccionoaxaca.com\/index.php\/category\/agenda-politica\/"},"img":{"alt_text":"","src":"","width":0,"height":0},"classes":[]},{"id":17046,"url":"https:\/\/redaccionoaxaca.com\/index.php\/2021\/02\/23\/en-una-semana-mas-de-350-operativos-coordinados-en-oaxaca\/","url_meta":{"origin":7861,"position":1},"title":"EN UNA SEMANA, M\u00c1S DE 350 OPERATIVOS COORDINADOS EN OAXACA.","author":"ariadna","date":"febrero 23, 2021","format":false,"excerpt":"#Redacci\u00f3nOaxaca #Oaxaca Oaxaca de Ju\u00e1rez, Oaxaca; 22 de febrero de 2021.- Del 14 al 20 de febrero de presente a\u00f1o, en Oaxaca se realizaron 350 operativos ordinarios y coordinados con la Guardia Nacional (#GN), Secretar\u00eda de la Defensa Nacional (#Sedena), Secretar\u00eda de Marina (#SEMAR), Fiscal\u00eda General de la Rep\u00fablica (#FGR)\u2026","rel":"","context":"En &quot;Agenda Pol\u00edtica&quot;","block_context":{"text":"Agenda Pol\u00edtica","link":"https:\/\/redaccionoaxaca.com\/index.php\/category\/agenda-politica\/"},"img":{"alt_text":"","src":"https:\/\/i0.wp.com\/redaccionoaxaca.com\/wp-content\/uploads\/2021\/02\/IMG-20210223-WA0068-300x225.jpg?resize=350%2C200","width":350,"height":200},"classes":[]},{"id":10641,"url":"https:\/\/redaccionoaxaca.com\/index.php\/2020\/02\/14\/90-de-victimas-mortales-en-oaxaca-ligadas-a-grupos-delictivos-y-del-crimen-organizado\/","url_meta":{"origin":7861,"position":2},"title":"90% de v\u00edctimas mortales en Oaxaca,  ligadas a grupos delictivos y del crimen organizado.","author":"ariadna","date":"febrero 14, 2020","format":false,"excerpt":"#Redacci\u00f3nOaxaca #Oaxaca Jaime GUERRERO El titular de la Secretar\u00eda de Seguridad P\u00fablica (SSP), Ra\u00fal Ernesto Salcedo Rosales, reconoci\u00f3 que el 2019 fue el a\u00f1o m\u00e1s violento para Oaxaca. No obstante, revel\u00f3 que de los m\u00e1s de 1 mil muertos, el 90 por ciento de v\u00edctimas est\u00e1 ligado a grupos delictivos\u2026","rel":"","context":"Entrada similar ","block_context":{"text":"Entrada similar ","link":""},"img":{"alt_text":"","src":"","width":0,"height":0},"classes":[]},{"id":24780,"url":"https:\/\/redaccionoaxaca.com\/index.php\/2022\/03\/30\/se-reune-titular-de-la-sspo-con-representantes-ganaderos-en-la-cuenca-reforzaran-operativos-de-seguridad\/","url_meta":{"origin":7861,"position":3},"title":"Se re\u00fane titular de la SSPO con representantes ganaderos en la Cuenca; reforzar\u00e1n operativos de seguridad.","author":"ariadna","date":"marzo 30, 2022","format":false,"excerpt":"#Redacci\u00f3nOaxaca #Oaxaca *San Juan Bautista Tuxtepec, Oaxaca*., 30 de marzo de 2022.- La titular de la Secretar\u00eda de Seguridad P\u00fablica de Oaxaca (#SSPO) Dalia Ba\u00f1os Noyola, sostuvo este mi\u00e9rcoles una reuni\u00f3n con representantes ganaderos de 22 municipios de la regi\u00f3n de la Cuenca del Papaloapan. Lo anterior, con la finalidad\u2026","rel":"","context":"En &quot;Agenda Pol\u00edtica&quot;","block_context":{"text":"Agenda Pol\u00edtica","link":"https:\/\/redaccionoaxaca.com\/index.php\/category\/agenda-politica\/"},"img":{"alt_text":"","src":"https:\/\/i0.wp.com\/redaccionoaxaca.com\/wp-content\/uploads\/2022\/03\/IMG-20220330-WA0076-300x200.jpg?resize=350%2C200&ssl=1","width":350,"height":200},"classes":[]},{"id":5543,"url":"https:\/\/redaccionoaxaca.com\/index.php\/2019\/02\/27\/oaxaca-en-el-17-de-delitos-en-el-pais-mesa-de-seguridad-no-hay-carteles-de-drogas-afirma-sedena\/","url_meta":{"origin":7861,"position":4},"title":"Oaxaca en el 17 de delitos en el pa\u00eds: Mesa de\u00a0Seguridad; no hay carteles de drogas, afirma Sedena","author":"denise","date":"febrero 27, 2019","format":"video","excerpt":"#Redacci\u00f3nOaxaca Jaime GUERRERO La Mesa de Seguridad, establecida por el Gobierno Federal, Estatal, la Secretar\u00eda de la Defensa Nacional (Sedena), la Polic\u00eda Federal, la Secretar\u00eda de Seguridad P\u00fablica y la Fiscal\u00eda General de la Rep\u00fablica y del Estado, reportaron que Oaxaca se ubic\u00f3 en la posici\u00f3n n\u00famero 17 con el\u2026","rel":"","context":"En &quot;Agenda Pol\u00edtica&quot;","block_context":{"text":"Agenda Pol\u00edtica","link":"https:\/\/redaccionoaxaca.com\/index.php\/category\/agenda-politica\/"},"img":{"alt_text":"","src":"","width":0,"height":0},"classes":[]},{"id":23511,"url":"https:\/\/redaccionoaxaca.com\/index.php\/2022\/01\/18\/obtiene-sspo-resultados-alentadores-en-la-lucha-de-las-fuerzas-policiales-y-bomberos-por-construir-paz-y-seguridad-para-oaxaca\/","url_meta":{"origin":7861,"position":5},"title":"Obtiene SSPO resultados alentadores en la lucha de las fuerzas policiales y bomberos por construir paz y seguridad para Oaxaca.","author":"ariadna","date":"enero 18, 2022","format":"video","excerpt":"#Redacci\u00f3nOaxaca #Oaxaca Comunicado San Raymundo Jalpan, Oax. 18 de enero de 2022.- Oaxaca es el s\u00e9ptimo estado m\u00e1s seguro a nivel nacional con m\u00e1s de 10 mil elementos de seguridad p\u00fablica en el Registro \u00danico de Polic\u00edas (RUPO), y d\u00e9cimo lugar a nivel nacional en cu\u00e1nto a servidores p\u00fablicos con\u2026","rel":"","context":"En &quot;Agenda Pol\u00edtica&quot;","block_context":{"text":"Agenda Pol\u00edtica","link":"https:\/\/redaccionoaxaca.com\/index.php\/category\/agenda-politica\/"},"img":{"alt_text":"","src":"https:\/\/i0.wp.com\/redaccionoaxaca.com\/wp-content\/uploads\/2022\/01\/IMG-20220118-WA0107-300x200.jpg?resize=350%2C200&ssl=1","width":350,"height":200},"classes":[]}],"_links":{"self":[{"href":"https:\/\/redaccionoaxaca.com\/index.php\/wp-json\/wp\/v2\/posts\/7861","targetHints":{"allow":["GET"]}}],"collection":[{"href":"https:\/\/redaccionoaxaca.com\/index.php\/wp-json\/wp\/v2\/posts"}],"about":[{"href":"https:\/\/redaccionoaxaca.com\/index.php\/wp-json\/wp\/v2\/types\/post"}],"author":[{"embeddable":true,"href":"https:\/\/redaccionoaxaca.com\/index.php\/wp-json\/wp\/v2\/users\/2"}],"replies":[{"embeddable":true,"href":"https:\/\/redaccionoaxaca.com\/index.php\/wp-json\/wp\/v2\/comments?post=7861"}],"version-history":[{"count":3,"href":"https:\/\/redaccionoaxaca.com\/index.php\/wp-json\/wp\/v2\/posts\/7861\/revisions"}],"predecessor-version":[{"id":7866,"href":"https:\/\/redaccionoaxaca.com\/index.php\/wp-json\/wp\/v2\/posts\/7861\/revisions\/7866"}],"wp:attachment":[{"href":"https:\/\/redaccionoaxaca.com\/index.php\/wp-json\/wp\/v2\/media?parent=7861"}],"wp:term":[{"taxonomy":"category","embeddable":true,"href":"https:\/\/redaccionoaxaca.com\/index.php\/wp-json\/wp\/v2\/categories?post=7861"},{"taxonomy":"post_tag","embeddable":true,"href":"https:\/\/redaccionoaxaca.com\/index.php\/wp-json\/wp\/v2\/tags?post=7861"}],"curies":[{"name":"wp","href":"https:\/\/api.w.org\/{rel}","templated":true}]}}