{"id":8859,"date":"2019-10-17T08:57:01","date_gmt":"2019-10-17T13:57:01","guid":{"rendered":"http:\/\/redaccionoaxaca.com\/?p=8859"},"modified":"2019-10-17T08:57:01","modified_gmt":"2019-10-17T13:57:01","slug":"por-recortes-va-municipio-por-recaudacion-agresiva-e-implementara-parquimetros-en-2020-asumire-costos-politicos-dice-ogj","status":"publish","type":"post","link":"https:\/\/redaccionoaxaca.com\/index.php\/2019\/10\/17\/por-recortes-va-municipio-por-recaudacion-agresiva-e-implementara-parquimetros-en-2020-asumire-costos-politicos-dice-ogj\/","title":{"rendered":"Por recortes, va municipio por recaudaci\u00f3n \u201cagresiva\u201d e implementar\u00e1 parqu\u00edmetros en 2020; \u201casumir\u00e9 costos pol\u00edticos\u201d, dice OGJ."},"content":{"rendered":"<div>\n<h1><\/h1>\n<\/div>\n<div>\n<h5><strong>#Redacci\u00f3nOaxaca<\/strong><\/h5>\n<p><strong>#Oaxaca<\/strong><\/p>\n<\/div>\n<div>\n<h5><strong>Jaime GUERRERO<\/strong><\/h5>\n<\/div>\n<div>\n<h5 style=\"text-align: justify;\">Tras asegurar que aceptar\u00e1 los costos pol\u00edticos que implica la implementaci\u00f3n de un proyecto que conlleva el cobro por el uso de los espacios p\u00fablicos, el edil capitalino, Oswaldo Garc\u00eda Jarqu\u00edn, anunci\u00f3 que ya alistan el proyecto de instalaci\u00f3n de parqu\u00edmetros en las principales calles y vialidades del centro hist\u00f3rico, la colonia reforma y puntos de mayor afluencia vial del municipio de Oaxaca de Ju\u00e1rez.<\/h5>\n<\/div>\n<div style=\"text-align: justify;\"><span style=\"font-family: .SFUI-Regular;\">En entrevista, el municipe indic\u00f3 que otro proyecto prioritario de su administraci\u00f3n ser\u00e1 el distribuidor vial del Parque del Amor, as\u00ed como otros 5 a 10 proyectos que ya alistan con Coplade para el pr\u00f3ximo ejercicio fiscal, entre ellos de electrificaci\u00f3n y agua potable.<\/span><\/div>\n<div style=\"text-align: justify;\"><span style=\"font-family: .SFUI-Regular;\">\u00a0<\/span><\/div>\n<div style=\"text-align: justify;\"><span style=\"font-family: .SFUI-Regular;\">Para este ejercicio fiscal esperan la asignaci\u00f3n de 500 millones de pesos por parte de la Sedatu para proyectos de infraestructura en las colonias de la capital. La UNAM ya alista los proyectos para identificar las colonias precarias que ser\u00e1n intervenidas.<\/span><\/div>\n<div style=\"text-align: justify;\"><span style=\"font-family: .SFUI-Regular;\">\u00a0<\/span><\/div>\n<div style=\"text-align: justify;\"><span style=\"font-family: .SFUI-Regular;\">En tanto, anunci\u00f3 que para el ejercicio fiscal 2020 aplicar\u00e1n una ley de ingresos \u201c<em>muy agresiva en t\u00e9rminos recaudatorios\u201d<\/em>, no obstante afirm\u00f3 que ser\u00e1 con justicia social, ayudando a los grupos vulnerables y fomentando la inversi\u00f3n.<\/span><\/div>\n<div style=\"text-align: justify;\"><span style=\"font-family: .SFUI-Regular;\">\u00a0<\/span><\/div>\n<div style=\"text-align: justify;\"><span style=\"font-family: .SFUI-Regular;\">Garcia Jarqu\u00edn, aclar\u00f3 que no habr\u00e1 incrementos de impuestos, solo ampliar\u00e1n la base tributaria.<\/span><\/div>\n<div style=\"text-align: justify;\"><span style=\"font-family: .SFUI-Regular;\">\u00a0<\/span><\/div>\n<div style=\"text-align: justify;\"><span style=\"font-family: .SFUI-Regular;\"><em>\u201cNo habr\u00e1 incremento de impuestos\u201d,<\/em> asent\u00f3.<\/span><\/div>\n<div style=\"text-align: justify;\"><span style=\"font-family: .SFUI-Regular;\">\u00a0<\/span><\/div>\n<div style=\"text-align: justify;\"><span style=\"font-family: .SFUI-Regular;\">Anunci\u00f3 entonces que se implementar\u00e1 el proyecto de parqu\u00edmetros, el cual fue truncado en el trienio de Jes\u00fas \u00c1ngel Diaz Ortega, en el sexenio de Ulises Ruiz Ortiz.<\/span><\/div>\n<div style=\"text-align: justify;\"><span style=\"font-family: .SFUI-Regular;\">\u00a0<\/span><\/div>\n<div style=\"text-align: justify;\"><span style=\"font-family: .SFUI-Regular;\">El objetivo es generar ingresos adicionales. Concedi\u00f3 entonces Que aplicar\u00edan un impuesto especial para el saneamiento de los r\u00edos Atoyac, Salado y el R\u00edo San Felipe.<\/span><\/div>\n<div style=\"text-align: justify;\"><span style=\"font-family: .SFUI-Regular;\">\u00a0<\/span><\/div>\n<div style=\"text-align: justify;\"><span style=\"font-family: .SFUI-Regular;\">El proyecto ejecutivo de los Parqu\u00edmetros est\u00e1 en an\u00e1lisis y construcci\u00f3n, <em>\u201cporque no queremos caer en lo que sucedi\u00f3 en el 2006-2007\u201d<\/em>, apunt\u00f3.<\/span><\/div>\n<div style=\"text-align: justify;\"><span style=\"font-family: .SFUI-Regular;\">\u00a0<\/span><\/div>\n<div style=\"text-align: justify;\"><span style=\"font-family: .SFUI-Regular;\">De acuerdo al edil, buscar\u00e1n que los habitantes de capital entiendan los beneficios y que vendr\u00eda a resolver grandes problemas de imagen urbana, movilidad, disminuir\u00e1 la contaminaci\u00f3n y vialidad.<\/span><\/div>\n<div style=\"text-align: justify;\"><span style=\"font-family: .SFUI-Regular;\">\u00a0<\/span><\/div>\n<div style=\"text-align: justify;\"><span style=\"font-family: .SFUI-Regular;\">Al mismo tiempo generar alternativas de recaudaci\u00f3n para el municipio de Oaxaca de Ju\u00e1rez, como lo est\u00e1 planteando el Presidente, Andres Manuel L\u00f3pez Obrador, frente a los recortes presupuestales a las entidades federativas y los municipios.<\/span><\/div>\n<div style=\"text-align: justify;\"><span style=\"font-family: .SFUI-Regular;\">\u00a0<\/span><\/div>\n<div style=\"text-align: justify;\"><span style=\"font-family: .SFUI-Regular;\">Al mismo tiempo se dar\u00eda otra imagen urbana y de servicios al turismo nacional y extranjero.<\/span><\/div>\n<div style=\"text-align: justify;\"><span style=\"font-family: .SFUI-Regular;\">\u00a0<\/span><\/div>\n<div style=\"text-align: justify;\"><span style=\"font-family: .SFUI-Regular;\">El municipe refiri\u00f3 que hoy en d\u00eda han detectado que existen propietarios de autom\u00f3viles que estacionan sus unidades de motor desde las 8:00 horas hasta las 21:00 horas. Lo mismo comerciantes ambulantes que dejan estacionadas hasta tres unidades, provocando la escasea de espacios.<\/span><\/div>\n<div style=\"text-align: justify;\"><span style=\"font-family: .SFUI-Regular;\">\u00a0<\/span><\/div>\n<div style=\"text-align: justify;\"><span style=\"font-family: .SFUI-Regular;\"><em>\u201cEstoy dispuestos a pagar cualquier costo pol\u00edtico y lo que esto (la implementaci\u00f3n del proyecto de parqu\u00edmetros) implique\u201d<\/em>, asent\u00f3.<\/span><\/div>\n<div style=\"text-align: justify;\"><span style=\"font-family: .SFUI-Regular;\">\u00a0<\/span><\/div>\n<div style=\"text-align: justify;\"><span style=\"font-family: .SFUI-Regular;\">Garcia Jarqu\u00edn, afirm\u00f3 que el proyecto ser\u00e1 para el bien de la ciudad capital, transparente y los recursos recaudados ser\u00e1n destinados para la mejora de infraestructura y vialidades.<\/span><\/div>\n<div style=\"text-align: justify;\"><span style=\"font-family: .SFUI-Regular;\">\u00a0<\/span><\/div>\n<div style=\"text-align: justify;\"><span style=\"font-family: .SFUI-Regular;\">Aclar\u00f3 que no ser\u00e1 un esquema de Proyectos de Prestaci\u00f3n de Servicios (PPS) ni Asociaciones P\u00fablico Privadas (APP), ser\u00e1 un esquema de aplicaciones digitales de la administraci\u00f3n municipal.<\/span><\/div>\n<div style=\"text-align: justify;\"><span style=\"font-family: .SFUI-Regular;\">\u00a0<\/span><\/div>\n<div style=\"text-align: justify;\"><span style=\"font-family: .SFUI-Regular;\">Adem\u00e1s ofreci\u00f3 beneficios recaudatorios a microempresas, entre ellas panader\u00edas, papeler\u00edas, miscel\u00e1neas, al darles facultades en el cobro de estacionamiento mediante un software que seles proporcionar\u00e1, recibiendo un porcentaje de lo recaudado por cada hora de estacionamiento en parqu\u00edmetros. <em>\u201cSe compartir\u00e1n los ingresos econ\u00f3micos con los sectores comerciales formales\u201d.<\/em><\/span><\/div>\n<div style=\"text-align: justify;\"><span style=\"font-family: .SFUI-Regular;\">\u00a0<\/span><\/div>\n<div style=\"text-align: justify;\"><span style=\"font-family: .SFUI-Regular;\">Ser\u00e1n 1 mil cajones de estacionamientos los requeridos en una primera etapa. Las calles prioritarias son el Centro Hist\u00f3rico, la Colonia Reforma, puntos de mayor afluencia vial y comercios.<\/span><\/div>\n<div style=\"text-align: justify;\"><span style=\"font-family: .SFUI-Regular;\">\u00a0<\/span><\/div>\n<div style=\"text-align: justify;\"><span style=\"font-family: .SFUI-Regular;\">El proyecto ser\u00e1 real a partir del 2 de enero del 2020, anunci\u00f3 el municipe capitalino.<\/span><\/div>\n","protected":false},"excerpt":{"rendered":"<p>#Redacci\u00f3nOaxaca #Oaxaca Jaime GUERRERO Tras asegurar que aceptar\u00e1 los costos pol\u00edticos que implica la implementaci\u00f3n de un proyecto que conlleva el cobro por el uso de los espacios p\u00fablicos, el edil capitalino, Oswaldo Garc\u00eda Jarqu\u00edn, anunci\u00f3 que ya alistan el proyecto de instalaci\u00f3n de parqu\u00edmetros en las principales calles y vialidades del centro hist\u00f3rico, la [&hellip;]<\/p>\n","protected":false},"author":9,"featured_media":0,"comment_status":"open","ping_status":"open","sticky":false,"template":"","format":"standard","meta":{"jetpack_post_was_ever_published":false,"_jetpack_newsletter_access":"","_jetpack_dont_email_post_to_subs":false,"_jetpack_newsletter_tier_id":0,"_jetpack_memberships_contains_paywalled_content":false,"_jetpack_memberships_contains_paid_content":false,"footnotes":"","jetpack_publicize_message":"","jetpack_publicize_feature_enabled":true,"jetpack_social_post_already_shared":true,"jetpack_social_options":{"image_generator_settings":{"template":"highway","default_image_id":0,"font":"","enabled":false},"version":2}},"categories":[1],"tags":[],"class_list":{"0":"post-8859","1":"post","2":"type-post","3":"status-publish","4":"format-standard","6":"category-uncategorized"},"jetpack_publicize_connections":[],"jetpack_featured_media_url":"","jetpack_sharing_enabled":true,"jetpack_shortlink":"https:\/\/wp.me\/p9Ynjw-2iT","jetpack-related-posts":[{"id":9301,"url":"https:\/\/redaccionoaxaca.com\/index.php\/2019\/11\/22\/alistan-parquimetros-para-colonia-reforma-centro-historico-y-zonas-de-mayor-afluencia-vial-en-la-capital-42-mdp-la-recaudacion\/","url_meta":{"origin":8859,"position":0},"title":"Alistan parqu\u00edmetros para colonia reforma, Centro Hist\u00f3rico  y zonas de mayor afluencia vial en la Capital; 42 mdp la recaudaci\u00f3n.","author":"ariadna","date":"noviembre 22, 2019","format":false,"excerpt":"#Redacci\u00f3nOaxaca #Oaxaca Jaime GUERRERO El edil capitalino, Oswaldo Garc\u00eda Jarqu\u00edn, inform\u00f3 que con la instalaci\u00f3n de parqu\u00edmetros en el primer cuadro de la ciudad y puntos de mayor movilidad de autos en el municipio de Oaxaca de Ju\u00e1rez, esperan captar 42 millones de pesos. Y tras asegurar que aceptar\u00e1 los\u2026","rel":"","context":"Entrada similar ","block_context":{"text":"Entrada similar ","link":""},"img":{"alt_text":"","src":"","width":0,"height":0},"classes":[]},{"id":10623,"url":"https:\/\/redaccionoaxaca.com\/index.php\/2020\/02\/13\/va-a-reestructuracion-ley-de-ingresos-del-municipio-parquimetros-siguen-firmes\/","url_meta":{"origin":8859,"position":1},"title":"Va a reestructuraci\u00f3n ley de ingresos del municipio; parqu\u00edmetros siguen firmes.","author":"ariadna","date":"febrero 13, 2020","format":false,"excerpt":"#Redacci\u00f3nOaxaca #Oaxaca Jaime GUERRERO Tras informar que a la fecha se han aprobado 513 leyes de ingreso de igual n\u00famero de ayuntamientos, la Presidenta de la Comisi\u00f3n de Hacienda de la LXIV Legislatura, Lilia Mendoza Cruz, confirm\u00f3 que habr\u00e1 una reestructura de la iniciativa de ley de ingresos del municipio\u2026","rel":"","context":"Entrada similar ","block_context":{"text":"Entrada similar ","link":""},"img":{"alt_text":"","src":"","width":0,"height":0},"classes":[]},{"id":9367,"url":"https:\/\/redaccionoaxaca.com\/index.php\/2019\/11\/28\/morena-vs-morena-congreso-pide-a-ayuntamiento-capitalino-no-instalar-parquimetros-por-inconformidad-y-rechazo-aseguran-diputados\/","url_meta":{"origin":8859,"position":2},"title":"Morena vs Morena; Congreso pide a Ayuntamiento Capitalino, no instalar Parquimetros, por inconformidad y rechazo, aseguran diputados.","author":"ariadna","date":"noviembre 28, 2019","format":false,"excerpt":"#Redacci\u00f3nOaxaca #Oaxaca Jaime GUERRERO Morena contra Morena. Impulsado por la bancada del Partido Movimiento de Regeneraci\u00f3n Nacional, con 29 votos a favor, la LXIV Legislatura, exhort\u00f3 al Ayuntamiento del Municipio de Oaxaca de Ju\u00e1rez, para que no implemente la pol\u00edtica p\u00fablica de instalaci\u00f3n de parqu\u00edmetros en el municipio capitalino, bajo\u2026","rel":"","context":"Entrada similar ","block_context":{"text":"Entrada similar ","link":""},"img":{"alt_text":"","src":"","width":0,"height":0},"classes":[]},{"id":11073,"url":"https:\/\/redaccionoaxaca.com\/index.php\/2020\/03\/05\/grupo-de-s-22-y-actores-del-2006-siguen-vs-parquimetros-70-de-capitalinos-lo-acepta-dice-edil-va-por-1500-mdp-en-ingresos\/","url_meta":{"origin":8859,"position":3},"title":"Grupo de S-22 y actores del 2006 siguen vs parqu\u00edmetros; 70% de capitalinos lo acepta, dice edil; va por 1500 mdp en ingresos.","author":"ariadna","date":"marzo 5, 2020","format":false,"excerpt":"#Redacci\u00f3nOaxaca #Oaxaca Jaime GUERRERO Aprobado su proyecto de ley de ingresos del 2020 -casi integra y con el aval del Congreso del Estado para instalar el proyecto de parqu\u00edmetros- el Presidente Municipal Capitalino, Oswaldo Garc\u00eda Jarqu\u00edn, se\u00f1al\u00f3 que el tema de parqu\u00edmetros se desvirtu\u00f3 por el tufo de corrupci\u00f3n que\u2026","rel":"","context":"Entrada similar ","block_context":{"text":"Entrada similar ","link":""},"img":{"alt_text":"","src":"","width":0,"height":0},"classes":[]},{"id":9363,"url":"https:\/\/redaccionoaxaca.com\/index.php\/2019\/11\/28\/parquimetros-a-licitacion-nacional-cabildo-los-aprueba-en-ley-de-ingresos-los-menos-inventan-cualquier-cosa-ogj\/","url_meta":{"origin":8859,"position":4},"title":"Parquimetros a licitaci\u00f3n nacional, cabildo los aprueba en ley de ingresos; \u201clos menos inventan cualquier cosa\u201d: OGJ.","author":"ariadna","date":"noviembre 28, 2019","format":"video","excerpt":"#Redacci\u00f3nOaxaca #Oaxaca Jaime GUERRERO Con mayor\u00eda calificada, el Cabildo de Oaxaca de Ju\u00e1rez aprob\u00f3 la Ley de Ingresos Municipales 2020, la cual contempla la instalaci\u00f3n de parqu\u00edmetros en el Centro Hist\u00f3rico y puntos de mayor aluencia vial de la Ciudad de Oaxaca. Por lo pronto, el Presidente Municipal Capitalino, Oswaldo\u2026","rel":"","context":"Entrada similar ","block_context":{"text":"Entrada similar ","link":""},"img":{"alt_text":"","src":"","width":0,"height":0},"classes":[]},{"id":10511,"url":"https:\/\/redaccionoaxaca.com\/index.php\/2020\/02\/06\/parquimetros-y-aumento-al-impuesto-predial-frenan-en-iniciativa-de-ley-de-ingresos-de-la-capital-a-negativa-de-diputados-edil-advierte-merma-de-180-mdp\/","url_meta":{"origin":8859,"position":5},"title":"Parqu\u00edmetros y aumento al impuesto predial frenan en iniciativa de ley de ingresos de la capital; a negativa de diputados, edil advierte merma de 180 mdp.","author":"ariadna","date":"febrero 6, 2020","format":false,"excerpt":"#Redacci\u00f3nOaxaca #Oaxaca Jaime GUERRERO\u00a0 Mientras la Presidenta de la Comisi\u00f3n de Hacienda de la LXIV Legislatura, Lilia Mendoza Cruz, asegur\u00f3 que la \u2018Ley de Ingresos\u2019 del municipio de Oaxaca de Ju\u00e1rez no ha sido aprobada porque que no cubren los requisitos, presentan inconsistencias, se incrementa el impuesto al predial y\u2026","rel":"","context":"Entrada similar ","block_context":{"text":"Entrada similar ","link":""},"img":{"alt_text":"","src":"","width":0,"height":0},"classes":[]}],"_links":{"self":[{"href":"https:\/\/redaccionoaxaca.com\/index.php\/wp-json\/wp\/v2\/posts\/8859","targetHints":{"allow":["GET"]}}],"collection":[{"href":"https:\/\/redaccionoaxaca.com\/index.php\/wp-json\/wp\/v2\/posts"}],"about":[{"href":"https:\/\/redaccionoaxaca.com\/index.php\/wp-json\/wp\/v2\/types\/post"}],"author":[{"embeddable":true,"href":"https:\/\/redaccionoaxaca.com\/index.php\/wp-json\/wp\/v2\/users\/9"}],"replies":[{"embeddable":true,"href":"https:\/\/redaccionoaxaca.com\/index.php\/wp-json\/wp\/v2\/comments?post=8859"}],"version-history":[{"count":1,"href":"https:\/\/redaccionoaxaca.com\/index.php\/wp-json\/wp\/v2\/posts\/8859\/revisions"}],"predecessor-version":[{"id":8861,"href":"https:\/\/redaccionoaxaca.com\/index.php\/wp-json\/wp\/v2\/posts\/8859\/revisions\/8861"}],"wp:attachment":[{"href":"https:\/\/redaccionoaxaca.com\/index.php\/wp-json\/wp\/v2\/media?parent=8859"}],"wp:term":[{"taxonomy":"category","embeddable":true,"href":"https:\/\/redaccionoaxaca.com\/index.php\/wp-json\/wp\/v2\/categories?post=8859"},{"taxonomy":"post_tag","embeddable":true,"href":"https:\/\/redaccionoaxaca.com\/index.php\/wp-json\/wp\/v2\/tags?post=8859"}],"curies":[{"name":"wp","href":"https:\/\/api.w.org\/{rel}","templated":true}]}}