{"id":8918,"date":"2019-10-23T13:14:58","date_gmt":"2019-10-23T18:14:58","guid":{"rendered":"http:\/\/redaccionoaxaca.com\/?p=8918"},"modified":"2019-10-23T13:14:58","modified_gmt":"2019-10-23T18:14:58","slug":"ladrones-ingresaron-al-templo-vacio-de-la-virgen-de-guadalupe-en-la-cd-de-oaxaca","status":"publish","type":"post","link":"https:\/\/redaccionoaxaca.com\/index.php\/2019\/10\/23\/ladrones-ingresaron-al-templo-vacio-de-la-virgen-de-guadalupe-en-la-cd-de-oaxaca\/","title":{"rendered":"LADRONES INGRESARON AL TEMPLO VAC\u00cdO DE LA VIRGEN DE GUADALUPE EN LA CD DE OAXACA."},"content":{"rendered":"<p style=\"text-align: justify;\"><strong>#Redacci\u00f3nOaxaca<\/strong><\/p>\n<p style=\"text-align: justify;\"><strong>#Oaxaca<\/strong><\/p>\n<p style=\"text-align: justify;\"><strong>Video de Hugo Velasco<\/strong><\/p>\n<p style=\"text-align: justify;\">En el robo al templo de Guadalupe, ubicado en el Paseo Ju\u00e1rez, El Llano, derivo en da\u00f1os y la sustracci\u00f3n de objetos de estima religiosa pero sin valor en el mercado, seg\u00fan una fuente del Arzobispado de #Oaxaca.<\/p>\n<p style=\"text-align: justify;\">Fueron transe\u00fantes quienes alertaron sobre el que muy temprano la puerta del costado derecho de la Iglesia estaba abierto.<\/p>\n<p style=\"text-align: justify;\">Minutos despu\u00e9s, los encargados del recinto confirmaron que el c\u00e1liz de lat\u00f3n hab\u00eda sido sustraido y el lienzo de la Virgen de Guadalupe cortado, el lienzo explic\u00f3, es una pintura al oleo de la Virgen, todo indica que no pudieron llevarselo pero si lo da\u00f1aron.<\/p>\n<p style=\"text-align: justify;\">La acci\u00f3n no representa un golpe econ\u00f3mico dijo la fuente, pero la<\/p>\n<div style=\"width: 640px;\" class=\"wp-video\"><video class=\"wp-video-shortcode\" id=\"video-8918-1\" width=\"640\" height=\"352\" preload=\"metadata\" controls=\"controls\"><source type=\"video\/mp4\" src=\"http:\/\/redaccionoaxaca.com\/wp-content\/uploads\/2019\/10\/VID-20191023-WA0071.mp4?_=1\" \/><a href=\"http:\/\/redaccionoaxaca.com\/wp-content\/uploads\/2019\/10\/VID-20191023-WA0071.mp4\">http:\/\/redaccionoaxaca.com\/wp-content\/uploads\/2019\/10\/VID-20191023-WA0071.mp4<\/a><\/video><\/div>\n<p style=\"text-align: justify;\">profanaci\u00f3n del templo y el robo de un vaso sagrado si representan un acto sacr\u00edlego; la fe cat\u00f3lica se ve lastimada con este tipo de agravios, consideraron fuentes de la iglesia cat\u00f3lica.<\/p>\n<p>&nbsp;<\/p>\n","protected":false},"excerpt":{"rendered":"<p>#Redacci\u00f3nOaxaca #Oaxaca Video de Hugo Velasco En el robo al templo de Guadalupe, ubicado en el Paseo Ju\u00e1rez, El Llano, derivo en da\u00f1os y la sustracci\u00f3n de objetos de estima religiosa pero sin valor en el mercado, seg\u00fan una fuente del Arzobispado de #Oaxaca. Fueron transe\u00fantes quienes alertaron sobre el que muy temprano la puerta [&hellip;]<\/p>\n","protected":false},"author":9,"featured_media":0,"comment_status":"open","ping_status":"open","sticky":false,"template":"","format":"video","meta":{"jetpack_post_was_ever_published":false,"_jetpack_newsletter_access":"","_jetpack_dont_email_post_to_subs":false,"_jetpack_newsletter_tier_id":0,"_jetpack_memberships_contains_paywalled_content":false,"_jetpack_memberships_contains_paid_content":false,"footnotes":"","jetpack_publicize_message":"","jetpack_publicize_feature_enabled":true,"jetpack_social_post_already_shared":true,"jetpack_social_options":{"image_generator_settings":{"template":"highway","default_image_id":0,"font":"","enabled":false},"version":2}},"categories":[1],"tags":[],"class_list":{"0":"post-8918","1":"post","2":"type-post","3":"status-publish","4":"format-video","6":"category-uncategorized","7":"post_format-post-format-video"},"jetpack_publicize_connections":[],"jetpack_featured_media_url":"","jetpack_sharing_enabled":true,"jetpack_shortlink":"https:\/\/wp.me\/p9Ynjw-2jQ","jetpack-related-posts":[{"id":15768,"url":"https:\/\/redaccionoaxaca.com\/index.php\/2020\/12\/11\/se-mantienen-cerrados-recintos-principales-en-el-marco-de-la-celebracion-de-la-virgen-en-sus-distintas-advocaciones-la-grey-catolica-lo-ha-entendido-senala-arquidiocesis\/","url_meta":{"origin":8918,"position":0},"title":"Se mantienen cerrados recintos principales en el marco de la celebraci\u00f3n de la virgen en sus distintas advocaciones; la grey cat\u00f3lica lo ha entendido se\u00f1ala Arquidi\u00f3cesis.","author":"ariadna","date":"diciembre 11, 2020","format":false,"excerpt":"#Redacci\u00f3nOaxaca #Oaxaca Maira Ric\u00e1rdez En la v\u00edspera de la celebraci\u00f3n de la denominada \u201cmadre de M\u00e9xico\u201d, la virgen de Guadalupe, el Arzobispado de Oaxaca reiter\u00f3 que los recintos cat\u00f3licos principales de la capital permanecen cerrados para evitar la presencia masiva de feligreses; el llamado se hizo con anticipaci\u00f3n, el pasado\u2026","rel":"","context":"En &quot;Al Cierre&quot;","block_context":{"text":"Al Cierre","link":"https:\/\/redaccionoaxaca.com\/index.php\/category\/al-cierre\/"},"img":{"alt_text":"","src":"","width":0,"height":0},"classes":[]},{"id":15380,"url":"https:\/\/redaccionoaxaca.com\/index.php\/2020\/11\/23\/llama-arzobispado-de-oaxaca-a-racionalizar-la-fe-y-no-anteponer-a-la-salud-festividades-religiosas-decembrinas\/","url_meta":{"origin":8918,"position":1},"title":"Llama Arzobispado de Oaxaca a racionalizar la fe y no anteponer a la salud festividades religiosas decembrinas.","author":"ariadna","date":"noviembre 23, 2020","format":false,"excerpt":"#Redacci\u00f3nOaxaca #Oaxaca Maira Ric\u00e1rdez Las 120 parroquias que agrupan a miles de comunidades Oaxaque\u00f1as, han recibido el oficio firmado por el m\u00e1ximo jerarca cat\u00f3lico del Estado, Pedro V\u00e1squez Villalobos, para abstenerse de so pretexto de la fe, poner en riesgo la vida; Con otros t\u00e9rminos, las autoridades eclesi\u00e1sticas llaman al\u2026","rel":"","context":"En &quot;Al Cierre&quot;","block_context":{"text":"Al Cierre","link":"https:\/\/redaccionoaxaca.com\/index.php\/category\/al-cierre\/"},"img":{"alt_text":"","src":"","width":0,"height":0},"classes":[]},{"id":28413,"url":"https:\/\/redaccionoaxaca.com\/index.php\/2022\/10\/25\/restauracion-terminada-templo-consagrado-en-xoxocotlan\/","url_meta":{"origin":8918,"position":2},"title":"RESTAURACI\u00d3N TERMINADA; TEMPLO CONSAGRADO EN XOXOCOTL\u00c1N.","author":"ariadna","date":"octubre 25, 2022","format":"video","excerpt":"#Redacci\u00f3nOaxaca #Oaxaca Trabajo Especial de Humberto Cruz Con una inversi\u00f3n superior a los 7 millones de pesos, concluyeron los trabajos de restauraci\u00f3n del templo cat\u00f3lico de Santa Cruz #Xoxocotl\u00e1n; la mayor intervenci\u00f3n en sus m\u00e1s de 300 a\u00f1os de existencia. La obra forma parte de un amplio trabajo de restauraci\u00f3n\u2026","rel":"","context":"En &quot;Imagen&quot;","block_context":{"text":"Imagen","link":"https:\/\/redaccionoaxaca.com\/index.php\/category\/imagen\/"},"img":{"alt_text":"","src":"","width":0,"height":0},"classes":[]},{"id":22942,"url":"https:\/\/redaccionoaxaca.com\/index.php\/2021\/12\/15\/cierran-el-ano-jubilar-en-iglesia-catolica-de-oaxaca\/","url_meta":{"origin":8918,"position":3},"title":"Cierran el A\u00f1o Jubilar en iglesia cat\u00f3lica de Oaxaca.","author":"ariadna","date":"diciembre 15, 2021","format":"video","excerpt":"#Redacci\u00f3nOaxaca #Oaxaca Zayra Cruz\u00a0 Al cierre del A\u00f1o jubilar por los 400 a\u00f1os de la llegada de la Virgen de La Soledad a Oaxaca, quien fuera Nuncio Apost\u00f3lico en M\u00e9xico, Franco Coppola particip\u00f3 en la misa solemne de este mi\u00e9rcoles. La celebraci\u00f3n lit\u00fargica que se realiz\u00f3 en el santuario menor\u2026","rel":"","context":"En &quot;Imagen&quot;","block_context":{"text":"Imagen","link":"https:\/\/redaccionoaxaca.com\/index.php\/category\/imagen\/"},"img":{"alt_text":"","src":"","width":0,"height":0},"classes":[]},{"id":4159,"url":"https:\/\/redaccionoaxaca.com\/index.php\/2018\/11\/29\/robo-sacrilego-en-la-mixteca-maleantes-robaron-la-corona-campanas-y-hasta-el-badajo-y-cuerda-con-que-se-repica-la-campana\/","url_meta":{"origin":8918,"position":4},"title":"Robo sacr\u00edlego en la Mixteca; maleantes robaron la corona, campanas y hasta el badajo y cuerda con que se repica la campana.","author":"mayra","date":"noviembre 29, 2018","format":false,"excerpt":"#Redacci\u00f3nOaxaca #Oaxaca Maira Ric\u00e1rdez Un nuevo robo sacr\u00edlego se registr\u00f3 esta semana, ahora en la regi\u00f3n Mixteca, el monto de lo hurtado es a\u00fan incuantificable, pero se trata de piezas de oro adem\u00e1s de la corona de la virgen con incrustaciones de piedras preciosas, son reliquias antiguas: la corona, un\u2026","rel":"","context":"Entrada similar ","block_context":{"text":"Entrada similar ","link":""},"img":{"alt_text":"","src":"","width":0,"height":0},"classes":[]},{"id":9942,"url":"https:\/\/redaccionoaxaca.com\/index.php\/2020\/01\/07\/a-2-anos-de-los-sismos-36-de-80-inmuebles-historicos-iniciaran-trabajos-de-restauracion-inah-indiferente\/","url_meta":{"origin":8918,"position":5},"title":"A 2 a\u00f1os de los sismos, 36 de 80 inmuebles hist\u00f3ricos iniciar\u00e1n trabajos de restauraci\u00f3n, INAH  indiferente.","author":"ariadna","date":"enero 7, 2020","format":false,"excerpt":"\u00a0 #Redacci\u00f3nOaxaca #Oaxaca Jaime GUERRERO A dos a\u00f1os tres meses de los sismos de septiembre del 2017 que azot\u00f3 la regi\u00f3n del Istmo de Tehuantepec, solo un 40 por ciento de monumentos hist\u00f3ricos afectados iniciaran con sus procesos de restauraci\u00f3n o reconstrucci\u00f3n con una inversi\u00f3n del orden de los 66\u2026","rel":"","context":"Entrada similar ","block_context":{"text":"Entrada similar ","link":""},"img":{"alt_text":"","src":"","width":0,"height":0},"classes":[]}],"_links":{"self":[{"href":"https:\/\/redaccionoaxaca.com\/index.php\/wp-json\/wp\/v2\/posts\/8918","targetHints":{"allow":["GET"]}}],"collection":[{"href":"https:\/\/redaccionoaxaca.com\/index.php\/wp-json\/wp\/v2\/posts"}],"about":[{"href":"https:\/\/redaccionoaxaca.com\/index.php\/wp-json\/wp\/v2\/types\/post"}],"author":[{"embeddable":true,"href":"https:\/\/redaccionoaxaca.com\/index.php\/wp-json\/wp\/v2\/users\/9"}],"replies":[{"embeddable":true,"href":"https:\/\/redaccionoaxaca.com\/index.php\/wp-json\/wp\/v2\/comments?post=8918"}],"version-history":[{"count":1,"href":"https:\/\/redaccionoaxaca.com\/index.php\/wp-json\/wp\/v2\/posts\/8918\/revisions"}],"predecessor-version":[{"id":8922,"href":"https:\/\/redaccionoaxaca.com\/index.php\/wp-json\/wp\/v2\/posts\/8918\/revisions\/8922"}],"wp:attachment":[{"href":"https:\/\/redaccionoaxaca.com\/index.php\/wp-json\/wp\/v2\/media?parent=8918"}],"wp:term":[{"taxonomy":"category","embeddable":true,"href":"https:\/\/redaccionoaxaca.com\/index.php\/wp-json\/wp\/v2\/categories?post=8918"},{"taxonomy":"post_tag","embeddable":true,"href":"https:\/\/redaccionoaxaca.com\/index.php\/wp-json\/wp\/v2\/tags?post=8918"}],"curies":[{"name":"wp","href":"https:\/\/api.w.org\/{rel}","templated":true}]}}