{"id":8925,"date":"2019-10-24T08:37:16","date_gmt":"2019-10-24T13:37:16","guid":{"rendered":"http:\/\/redaccionoaxaca.com\/?p=8925"},"modified":"2019-10-24T08:37:16","modified_gmt":"2019-10-24T13:37:16","slug":"fuerte-operativo-en-jalapa-de-diaz-capturado-el-presidente-municipal-y-sus-policias","status":"publish","type":"post","link":"https:\/\/redaccionoaxaca.com\/index.php\/2019\/10\/24\/fuerte-operativo-en-jalapa-de-diaz-capturado-el-presidente-municipal-y-sus-policias\/","title":{"rendered":"FUERTE OPERATIVO EN JALAPA DE D\u00cdAZ,  CAPTURADO EL PRESIDENTE MUNICIPAL Y SUS POLICIAS."},"content":{"rendered":"<p style=\"text-align: justify;\"><strong>#Redacci\u00f3nOaxaca<\/strong><\/p>\n<p style=\"text-align: justify;\"><strong>#Oaxaca<\/strong><\/p>\n<p style=\"text-align: justify;\">En un fuerte operativo conjunto, con el apoyo de fuerzas estatales y federales, la Fiscal\u00eda General de Justicia realiz\u00f3 8 cateos simult\u00e1neos en Jalapa de D\u00edaz y captur\u00f3 a 11 personas.<\/p>\n<p><img data-recalc-dims=\"1\" loading=\"lazy\" decoding=\"async\" class=\"size-medium wp-image-8927 alignleft\" src=\"https:\/\/i0.wp.com\/redaccionoaxaca.com\/wp-content\/uploads\/2019\/10\/IMG-20191024-WA0014-300x218.jpg?resize=300%2C218\" alt=\"\" width=\"300\" height=\"218\" \/><\/p>\n<p style=\"text-align: justify;\">Trascendi\u00f3 que entre los detenidos se encuentra el presidente municipal de esa localidad, Arturo Garc\u00eda Vel\u00e1squez y sus comandantes de la polic\u00eda municipal al parecer vinculados en el delito de &#8220;<em>desaparici\u00f3n forzada de personas cometido por particulares&#8221;.<\/em><\/p>\n<p style=\"text-align: justify;\">Durante el despliegue para la ejecuci\u00f3n de los cateos no se reportaron incidentes graves o resistencia de los detenidos.<\/p>\n<p style=\"text-align: justify;\">Jalapa de D\u00edaz es un localidad ubicada en el distrito de <strong>#Tuxtepec,<\/strong> colindante con localidades como San Pedro Ixcatl\u00e1n, San Lucas Ojitl\u00e1n, San Miguel Soyaltepec, en la regi\u00f3n de la Cuenca y San Jos\u00e9 Tenango y San Bartolom\u00e9 Ayautla en la Sierra Mazateca, en donde se ha registrado una fuerte actividad delictiva.<\/p>\n<p><img data-recalc-dims=\"1\" loading=\"lazy\" decoding=\"async\" class=\"size-medium wp-image-8928 aligncenter\" src=\"https:\/\/i0.wp.com\/redaccionoaxaca.com\/wp-content\/uploads\/2019\/10\/IMG-20191024-WA0020-300x159.jpg?resize=300%2C159\" alt=\"\" width=\"300\" height=\"159\" \/><\/p>\n","protected":false},"excerpt":{"rendered":"<p>#Redacci\u00f3nOaxaca #Oaxaca En un fuerte operativo conjunto, con el apoyo de fuerzas estatales y federales, la Fiscal\u00eda General de Justicia realiz\u00f3 8 cateos simult\u00e1neos en Jalapa de D\u00edaz y captur\u00f3 a 11 personas. Trascendi\u00f3 que entre los detenidos se encuentra el presidente municipal de esa localidad, Arturo Garc\u00eda Vel\u00e1squez y sus comandantes de la polic\u00eda [&hellip;]<\/p>\n","protected":false},"author":9,"featured_media":0,"comment_status":"open","ping_status":"open","sticky":false,"template":"","format":"standard","meta":{"jetpack_post_was_ever_published":false,"_jetpack_newsletter_access":"","_jetpack_dont_email_post_to_subs":false,"_jetpack_newsletter_tier_id":0,"_jetpack_memberships_contains_paywalled_content":false,"_jetpack_memberships_contains_paid_content":false,"footnotes":"","jetpack_publicize_message":"","jetpack_publicize_feature_enabled":true,"jetpack_social_post_already_shared":true,"jetpack_social_options":{"image_generator_settings":{"template":"highway","default_image_id":0,"font":"","enabled":false},"version":2}},"categories":[1],"tags":[],"class_list":{"0":"post-8925","1":"post","2":"type-post","3":"status-publish","4":"format-standard","6":"category-uncategorized"},"jetpack_publicize_connections":[],"jetpack_featured_media_url":"","jetpack_sharing_enabled":true,"jetpack_shortlink":"https:\/\/wp.me\/p9Ynjw-2jX","jetpack-related-posts":[{"id":9037,"url":"https:\/\/redaccionoaxaca.com\/index.php\/2019\/11\/01\/juez-federal-exhibe-montaje-de-fiscal-y-titular-de-la-ssp-de-oaxaca-y-deja-libre-a-edil-que-le-sembraron-armas\/","url_meta":{"origin":8925,"position":0},"title":"Juez Federal exhibe montaje de Fiscal y titular de la  SSP de Oaxaca y deja libre a edil que le sembraron armas.","author":"ariadna","date":"noviembre 1, 2019","format":false,"excerpt":"#Redacci\u00f3nOaxaca #Oaxaca Jaime GUERRERO Por falta de pruebas en su contra, el Juez de Control federal, exhibi\u00f3 la pifia del Fiscal General del Estado, Ruben Vasconcelos M\u00e9ndez, y determin\u00f3 liberar al presidente municipal de San Felipe Jalapa de D\u00edaz, Arturo Garc\u00eda Vel\u00e1squez, aprehendido el pasado jueves 24 de octubre, junto\u2026","rel":"","context":"Entrada similar ","block_context":{"text":"Entrada similar ","link":""},"img":{"alt_text":"","src":"","width":0,"height":0},"classes":[]},{"id":10028,"url":"https:\/\/redaccionoaxaca.com\/index.php\/2020\/01\/09\/hermano-del-edil-ejecutado-de-jalapa-de-diaz-asume-la-presidencia-municipal\/","url_meta":{"origin":8925,"position":1},"title":"Hermano del edil ejecutado  de  Jalapa de D\u00edaz, asume la Presidencia Municipal.","author":"ariadna","date":"enero 9, 2020","format":false,"excerpt":"#Redacci\u00f3nOaxaca #Oaxaca Jaime GUERRERO Jes\u00fas Garc\u00eda Vel\u00e1zquez, hermano el extinto Arturo Garc\u00eda Vel\u00e1squez, quien fuera presidente de San Felipe Jalapa de D\u00edaz -en la v\u00edspera ejecutado por un comando armado, junto con el s\u00edndico Javier Terrero- fue elegido para asumir el cargo de mun\u00edcipe de esa poblaci\u00f3n. En espera de\u2026","rel":"","context":"Entrada similar ","block_context":{"text":"Entrada similar ","link":""},"img":{"alt_text":"","src":"","width":0,"height":0},"classes":[]},{"id":41727,"url":"https:\/\/redaccionoaxaca.com\/index.php\/2026\/04\/24\/tres-detenidos-y-droga-asegurada-tras-cateos-en-san-pablo-etla\/","url_meta":{"origin":8925,"position":2},"title":"Tres detenidos y droga asegurada tras cateos en San Pablo Etla","author":"ariadna","date":"abril 24, 2026","format":false,"excerpt":"#Redacci\u00f3nOaxaca #Oaxaca Oaxaca de Ju\u00e1rez, Oax., 24 de abril de 2026.\u2013 Un operativo conjunto encabezado por la Fiscal\u00eda General del Estado de Oaxaca (FGEO) dej\u00f3 como saldo tres personas detenidas y el aseguramiento de diversas drogas, tras la ejecuci\u00f3n de dos \u00f3rdenes de cateo en el municipio de San Pablo\u2026","rel":"","context":"En &quot;Imagen&quot;","block_context":{"text":"Imagen","link":"https:\/\/redaccionoaxaca.com\/index.php\/category\/imagen\/"},"img":{"alt_text":"","src":"https:\/\/i0.wp.com\/redaccionoaxaca.com\/wp-content\/uploads\/2026\/04\/InShot_20260424_085901784.jpg?fit=1200%2C785&ssl=1&resize=350%2C200","width":350,"height":200,"srcset":"https:\/\/i0.wp.com\/redaccionoaxaca.com\/wp-content\/uploads\/2026\/04\/InShot_20260424_085901784.jpg?fit=1200%2C785&ssl=1&resize=350%2C200 1x, https:\/\/i0.wp.com\/redaccionoaxaca.com\/wp-content\/uploads\/2026\/04\/InShot_20260424_085901784.jpg?fit=1200%2C785&ssl=1&resize=525%2C300 1.5x, https:\/\/i0.wp.com\/redaccionoaxaca.com\/wp-content\/uploads\/2026\/04\/InShot_20260424_085901784.jpg?fit=1200%2C785&ssl=1&resize=700%2C400 2x, https:\/\/i0.wp.com\/redaccionoaxaca.com\/wp-content\/uploads\/2026\/04\/InShot_20260424_085901784.jpg?fit=1200%2C785&ssl=1&resize=1050%2C600 3x"},"classes":[]},{"id":9014,"url":"https:\/\/redaccionoaxaca.com\/index.php\/2019\/10\/31\/ediles-diputados-y-militantes-de-morena-acusan-a-fiscal-y-titular-de-ssp-de-sembrar-armas-y-montaje-vs-edil-anuncian-movilizaciones\/","url_meta":{"origin":8925,"position":3},"title":"Ediles, diputados y militantes de Morena, acusan a Fiscal y titular  de SSP de sembrar armas y montaje vs edil; anuncian movilizaciones.","author":"ariadna","date":"octubre 31, 2019","format":false,"excerpt":"#Redacci\u00f3nOaxaca #Oaxaca Jaime GUERRERO Diputados locales, alcaldes y militantes del Partido Movimiento de Regeneraci\u00f3n Nacional (Morena) de la regi\u00f3n de la Cuenca del Papaloapan, acusaron al Fiscal General del Estado, Rub\u00e9n Vasconcelos M\u00e9ndez y al titular de la Secretar\u00eda de Seguridad P\u00fablica del Gobierno del Estado, Ra\u00fal Ernesto Salcedo Rosales\u2026","rel":"","context":"Entrada similar ","block_context":{"text":"Entrada similar ","link":""},"img":{"alt_text":"","src":"","width":0,"height":0},"classes":[]},{"id":9752,"url":"https:\/\/redaccionoaxaca.com\/index.php\/2019\/12\/23\/comando-ejecuta-a-edil-y-sindico-de-jalapa-de-diaz\/","url_meta":{"origin":8925,"position":4},"title":"Comando ejecuta a edil y s\u00edndico de Jalapa de D\u00edaz.","author":"ariadna","date":"diciembre 23, 2019","format":false,"excerpt":"#Redacci\u00f3nOaxaca #Oaxaca Jaime Guerrero Un comando armado ejecut\u00f3 al presidente municipal de San Felipe Jalapa de D\u00edaz, Arturo Garc\u00eda Vel\u00e1zquez junto con su s\u00edndico hacendario, Javier Terrero, cuando se encontraban en un convivio organizado en esa comunidad con motivo de las festividades de navidad. Los hechos se registraron cuando el\u2026","rel":"","context":"Entrada similar ","block_context":{"text":"Entrada similar ","link":""},"img":{"alt_text":"","src":"","width":0,"height":0},"classes":[]},{"id":35558,"url":"https:\/\/redaccionoaxaca.com\/index.php\/2025\/02\/09\/muere-persona-en-carcel-municipal-de-jalapa-de-diaz-oaxaca-policias-serian-los-responsables\/","url_meta":{"origin":8925,"position":5},"title":"Muere persona en c\u00e1rcel municipal de Jalapa de D\u00edaz, Oaxaca; polic\u00edas ser\u00edan los responsables","author":"ariadna","date":"febrero 9, 2025","format":false,"excerpt":"#Redacci\u00f3nOaxaca #Oaxaca Jaime GUERRERO Fidencio Franco Miranda de ocupaci\u00f3n comerciante muri\u00f3 en la c\u00e1rcel del municipio San Felipe Jalapa de D\u00edaz, Oaxaca, presuntamente, tras ser torturado por elementos de la Polic\u00eda Municipal: De acuerdo a versiones de testigos, Fidencio sostuvo una discusi\u00f3n con otro comerciante y tras recibir el reporte\u2026","rel":"","context":"En &quot;Al Cierre&quot;","block_context":{"text":"Al Cierre","link":"https:\/\/redaccionoaxaca.com\/index.php\/category\/al-cierre\/"},"img":{"alt_text":"","src":"https:\/\/i0.wp.com\/redaccionoaxaca.com\/wp-content\/uploads\/2025\/02\/Screenshot_20250209-143500_WhatsApp-218x300.jpg?resize=350%2C200&ssl=1","width":350,"height":200},"classes":[]}],"_links":{"self":[{"href":"https:\/\/redaccionoaxaca.com\/index.php\/wp-json\/wp\/v2\/posts\/8925","targetHints":{"allow":["GET"]}}],"collection":[{"href":"https:\/\/redaccionoaxaca.com\/index.php\/wp-json\/wp\/v2\/posts"}],"about":[{"href":"https:\/\/redaccionoaxaca.com\/index.php\/wp-json\/wp\/v2\/types\/post"}],"author":[{"embeddable":true,"href":"https:\/\/redaccionoaxaca.com\/index.php\/wp-json\/wp\/v2\/users\/9"}],"replies":[{"embeddable":true,"href":"https:\/\/redaccionoaxaca.com\/index.php\/wp-json\/wp\/v2\/comments?post=8925"}],"version-history":[{"count":1,"href":"https:\/\/redaccionoaxaca.com\/index.php\/wp-json\/wp\/v2\/posts\/8925\/revisions"}],"predecessor-version":[{"id":8930,"href":"https:\/\/redaccionoaxaca.com\/index.php\/wp-json\/wp\/v2\/posts\/8925\/revisions\/8930"}],"wp:attachment":[{"href":"https:\/\/redaccionoaxaca.com\/index.php\/wp-json\/wp\/v2\/media?parent=8925"}],"wp:term":[{"taxonomy":"category","embeddable":true,"href":"https:\/\/redaccionoaxaca.com\/index.php\/wp-json\/wp\/v2\/categories?post=8925"},{"taxonomy":"post_tag","embeddable":true,"href":"https:\/\/redaccionoaxaca.com\/index.php\/wp-json\/wp\/v2\/tags?post=8925"}],"curies":[{"name":"wp","href":"https:\/\/api.w.org\/{rel}","templated":true}]}}