{"id":8958,"date":"2019-10-25T18:24:11","date_gmt":"2019-10-25T23:24:11","guid":{"rendered":"http:\/\/redaccionoaxaca.com\/?p=8958"},"modified":"2019-10-25T18:24:11","modified_gmt":"2019-10-25T23:24:11","slug":"eu-y-mexico-sellan-fronteras-por-trafico-de-armas-mientras-organizaciones-criminales-disparan-flujo-de-migrantes-durazo","status":"publish","type":"post","link":"https:\/\/redaccionoaxaca.com\/index.php\/2019\/10\/25\/eu-y-mexico-sellan-fronteras-por-trafico-de-armas-mientras-organizaciones-criminales-disparan-flujo-de-migrantes-durazo\/","title":{"rendered":"EU y M\u00e9xico sellan fronteras por tr\u00e1fico de armas; mientras organizaciones criminales disparan flujo de migrantes: Durazo."},"content":{"rendered":"<p style=\"text-align: justify;\"><strong>#Redacci\u00f3nOaxaca<\/strong><\/p>\n<p style=\"text-align: justify;\"><strong>#Oaxaca<\/strong><\/p>\n<p style=\"text-align: justify;\"><strong>Jaime GUERRERO<\/strong><\/p>\n<p style=\"text-align: justify;\">Tras encabezar la entrega de equipamiento a corporaciones de seguridad del Estado y municipios, el titular de la Secretar\u00eda de Seguridad y Protecci\u00f3n Ciudadana del gobierno federal (SSP), Alfonso Durazo Monta\u00f1o, anunci\u00f3 en Oaxaca, que se van a sellar las fronteras, Puertos Mar\u00edtimos y A\u00e9reos a Estados Unidos para evitar el contrabando de armas a territorio mexicano.<br \/>\nAs\u00ed mismo consider\u00f3 que detr\u00e1s del fen\u00f3meno migratorio en M\u00e9xico, en la frontera sur, hay grupos de la delincuencia y organizaciones criminales, que incrementan el paso de ciudadanos provenientes de pa\u00edses de Centroam\u00e9rica.<br \/>\nDe su lado, la Embajada de EU en M\u00e9xico agreg\u00f3 que el operativo fue bautizado como &#8220;Frozen&#8221; y que los representantes de ambas naciones acordaron que compartir\u00e1n r\u00e1pidamente informaci\u00f3n y entregar resultados concretos.<br \/>\nEl acuerdo se pact\u00f3, tras la reuni\u00f3n entre representantes del gobierno de M\u00e9xico y de Estados Unidos en las instalaciones de la SSP, para concretar un acuerdo en el que se comprometieron a &#8220;sellar las fronteras&#8221; al cruce ilegal de armas hacia el territorio mexicano.<br \/>\nEl encuentro fue entre los secretarios de Relaciones Exteriores, Marcelo Ebrard; de Seguridad P\u00fablica y Protecci\u00f3n Ciudadana, Alfonso Durazo, as\u00ed como el Embajador de Estados Unidos en M\u00e9xico, Cristopher Landau.<br \/>\nDurazo Monta\u00f1o, inform\u00f3 que durante la reuni\u00f3n las &#8220;<em>autoridades mexicanas informaron sobre la situaci\u00f3n actual en la zona fronteriza y los esquemas de coordinaci\u00f3n e intercambio de informaci\u00f3n para atender el flujo de armas en las aduanas terrestres, mar\u00edtimas y a\u00e9reas&#8221;.<\/em><br \/>\nMientras que las autoridades estadounidenses se &#8220;<em>comprometieron el esfuerzo de su gobierno para enfrentar de manera firme el tr\u00e1fico de armas que opera de manera trasnacional y reiteraron su disposici\u00f3n de trabajar en planes de acci\u00f3n conjuntos y maximizar la eficacia de los esfuerzos a trav\u00e9s de la inteligencia&#8221;.<\/em><br \/>\nDetall\u00f3 que se acord\u00f3 tener reuniones ejecutivas cada 15 d\u00edas y &#8220;<em>sellar las fronteras, cada pa\u00eds desde sus responsabilidades y en un \u00e1mbito soberano&#8221;.<\/em><br \/>\nEn tanto, consider\u00f3 que detr\u00e1s del fen\u00f3meno migratorio en M\u00e9xico, en la frontera sur, hay grupos de la delincuencia y organizaciones criminales, que incrementan el paso de ciudadanos provenientes de pa\u00edses de Centroam\u00e9rica.<br \/>\nDe acuerdo al funcionario federal, han detectado incidencia delictiva en el tr\u00e1fico de inmigrantes.<br \/>\nInform\u00f3, que de acuerdo a estad\u00edsticas, el 80 por ciento de los inmigrantes que se mueven hacia los Estados Unidos han sido convencidos por polleros o por algunas organizaciones criminales y en consecuencia aumenta el flujo de inmigrantes.<br \/>\nLa participaci\u00f3n de tratantes y traficantes de personas, agreg\u00f3, es un ingrediente de la inseguridad que hay en estados del Sur, por tanto, se debe atender el problema desde esta perspectiva.<\/p>\n<p>&nbsp;<\/p>\n","protected":false},"excerpt":{"rendered":"<p>#Redacci\u00f3nOaxaca #Oaxaca Jaime GUERRERO Tras encabezar la entrega de equipamiento a corporaciones de seguridad del Estado y municipios, el titular de la Secretar\u00eda de Seguridad y Protecci\u00f3n Ciudadana del gobierno federal (SSP), Alfonso Durazo Monta\u00f1o, anunci\u00f3 en Oaxaca, que se van a sellar las fronteras, Puertos Mar\u00edtimos y A\u00e9reos a Estados Unidos para evitar el [&hellip;]<\/p>\n","protected":false},"author":9,"featured_media":0,"comment_status":"open","ping_status":"open","sticky":false,"template":"","format":"standard","meta":{"jetpack_post_was_ever_published":false,"_jetpack_newsletter_access":"","_jetpack_dont_email_post_to_subs":false,"_jetpack_newsletter_tier_id":0,"_jetpack_memberships_contains_paywalled_content":false,"_jetpack_memberships_contains_paid_content":false,"footnotes":"","jetpack_publicize_message":"","jetpack_publicize_feature_enabled":true,"jetpack_social_post_already_shared":true,"jetpack_social_options":{"image_generator_settings":{"template":"highway","default_image_id":0,"font":"","enabled":false},"version":2}},"categories":[1],"tags":[],"class_list":{"0":"post-8958","1":"post","2":"type-post","3":"status-publish","4":"format-standard","6":"category-uncategorized"},"jetpack_publicize_connections":[],"jetpack_featured_media_url":"","jetpack_sharing_enabled":true,"jetpack_shortlink":"https:\/\/wp.me\/p9Ynjw-2ku","jetpack-related-posts":[{"id":9041,"url":"https:\/\/redaccionoaxaca.com\/index.php\/2019\/11\/01\/ovidio-guzman-no-tiene-orden-de-aprehension-en-mexico-los-delitos-los-ha-cometido-en-otro-pais-y-no-en-mexico-confeso\/","url_meta":{"origin":8958,"position":0},"title":"Ovidio Guzm\u00e1n no tiene orden de aprehensi\u00f3n en M\u00e9xico,  \u201clos delitos los ha cometido en otro pa\u00eds y no en M\u00e9xico\u201d, confes\u00f3.","author":"ariadna","date":"noviembre 1, 2019","format":false,"excerpt":"#Redacci\u00f3nOaxaca #Oaxaca Jaime GUERRERO El titular de la Secretar\u00eda de Seguridad y Protecci\u00f3n Ciudadana (SSPC), Alfonso Durazo Monta\u00f1o, revel\u00f3 ante la C\u00e1mara de Diputados que Ovidio Guzm\u00e1n L\u00f3pez \u2013hijo del narcotraficante Joaqu\u00edn \u201cChapo\u201d Guzm\u00e1n Loera\u2013 no cuenta con orden de aprehensi\u00f3n alguna en M\u00e9xico. Tras la pol\u00e9mica que se desat\u00f3\u2026","rel":"","context":"Entrada similar ","block_context":{"text":"Entrada similar ","link":""},"img":{"alt_text":"","src":"","width":0,"height":0},"classes":[]},{"id":10557,"url":"https:\/\/redaccionoaxaca.com\/index.php\/2020\/02\/10\/viajan-durazo-y-gobernadores-de-oaxaca-y-veracruz-al-papaloapam-este-miercoles-definiran-estrategias-de-seguridad\/","url_meta":{"origin":8958,"position":1},"title":"Viajan Durazo y Gobernadores de Oaxaca y Veracruz al Papaloapam este mi\u00e9rcoles; definir\u00e1n estrategias de seguridad.","author":"ariadna","date":"febrero 10, 2020","format":false,"excerpt":"#Redacci\u00f3nOaxaca #Oaxaca Maira Ric\u00e1rdez No bastan operativo disuasivos para buscar garantizar la seguridad, hacen falta estrategias de inteligencia coordinadas para dar golpes certeros, y el tema ser\u00e1 puesto en la mesa en la reuni\u00f3n de alto nivel que el pr\u00f3ximo mi\u00e9rcoles sostendr\u00e1n en la regi\u00f3n de la Cuenca del Papaloapam,\u2026","rel":"","context":"Entrada similar ","block_context":{"text":"Entrada similar ","link":""},"img":{"alt_text":"","src":"","width":0,"height":0},"classes":[]},{"id":5811,"url":"https:\/\/redaccionoaxaca.com\/index.php\/2019\/03\/20\/oaxaca-blinda-sus-cuatro-fronteras-por-delincuencia-organizada-ssp\/","url_meta":{"origin":8958,"position":2},"title":"Oaxaca blinda sus cuatro fronteras por delincuencia organizada: SSP","author":"denise","date":"marzo 20, 2019","format":"video","excerpt":"#Redacci\u00f3nOaxaca Jaime Guerrero El titular de la Secretar\u00eda de Seguridad P\u00fablica, Jos\u00e9 Raymundo Tu\u00f1\u00f3n Jauregui, anunci\u00f3 que se han blindado las cuatro fronteras de Oaxaca, con los Estados colindantes, ante el fen\u00f3meno de la delincuencia organizada. Ante el gobernador del estado, Alejandro Murat Hinojosa, detallo que en la Regi\u00f3n de\u2026","rel":"","context":"En &quot;Agenda Pol\u00edtica&quot;","block_context":{"text":"Agenda Pol\u00edtica","link":"https:\/\/redaccionoaxaca.com\/index.php\/category\/agenda-politica\/"},"img":{"alt_text":"","src":"","width":0,"height":0},"classes":[]},{"id":27843,"url":"https:\/\/redaccionoaxaca.com\/index.php\/2022\/09\/15\/dirigentes-de-organizaciones-sociales-grupos-criminales-servidores-publicos-y-notarios-involucrados-en-el-cartel-del-despojo-en-oaxaca-sspc\/","url_meta":{"origin":8958,"position":3},"title":"Dirigentes de organizaciones sociales, grupos criminales, servidores p\u00fablicos y notarios involucrados en el Cartel del Despojo en Oaxaca: SSPC","author":"ariadna","date":"septiembre 15, 2022","format":"video","excerpt":"#Redacci\u00f3nOaxaca #Oaxaca Jaime GUERRERO El subsecretario de Seguridad P\u00fablica del Gobierno Federal, Ricardo Mej\u00eda Berdeja, present\u00f3 ante el Presidente, Andr\u00e9s Manuel L\u00f3pez Obrador, informe la forma en que se opera el despojo de inmuebles en Oaxaca, el cual involucra a dirigentes de organizaciones sociales, grupos criminales, servidores p\u00fablicos y notarios.\u2026","rel":"","context":"En &quot;Al Cierre&quot;","block_context":{"text":"Al Cierre","link":"https:\/\/redaccionoaxaca.com\/index.php\/category\/al-cierre\/"},"img":{"alt_text":"","src":"","width":0,"height":0},"classes":[]},{"id":10604,"url":"https:\/\/redaccionoaxaca.com\/index.php\/2020\/02\/12\/gobernadores-de-veracruz-y-oaxaca-asi-como-el-secretario-de-seguridad-publica-federal-alfonso-durazo-se-reunen-a-puerta-cerrada-en-tuxtepec-oax\/","url_meta":{"origin":8958,"position":4},"title":"Gobernadores de Veracruz y Oaxaca as\u00ed como el Secretario de Seguridad P\u00fablica Federal, Alfonso Durazo, se reunen a puerta cerrada en Tuxtepec, Oax.","author":"ariadna","date":"febrero 12, 2020","format":"video","excerpt":"#Redacci\u00f3nOaxaca #Oaxaca Felix Garc\u00eda Tuxtepec, Oax. 12 feb 2020.- El Secretario de Seguridad P\u00fablica del Gobierno Federal, Alfonso Durazo Monta\u00f1o y los gobernadores de Veracruz, Cuitlahuac Garc\u00eda, de Oaxaca, Alejandro Murat, se reunen este mi\u00e9rcoles a puerta cerrada en la ciudad de Tuxtepec, donde analizan los esquemas de seguridad en\u2026","rel":"","context":"Entrada similar ","block_context":{"text":"Entrada similar ","link":""},"img":{"alt_text":"","src":"","width":0,"height":0},"classes":[]},{"id":8883,"url":"https:\/\/redaccionoaxaca.com\/index.php\/2019\/10\/21\/alfonso-durazo-el-coleccionista-de-traiciones\/","url_meta":{"origin":8958,"position":5},"title":"ALFONSO DURAZO, EL COLECCIONISTA DE TRAICIONES.","author":"ariadna","date":"octubre 21, 2019","format":"video","excerpt":"DULCE VENENO 19 DE OCT- 2019 #Redacci\u00f3nOaxaca #Oaxaca En la opini\u00f3n de Humberto Cruz El fracaso total en la captura y liberaci\u00f3n de Ovidio Guzm\u00e1n en Culiac\u00e1n, Sinaloa, dej\u00f3 un saldo preliminar de 8 muertos, 15 heridos, 55 reos fugados, 42 autos de civiles robados, 9 de ellos quemados; en\u2026","rel":"","context":"Entrada similar ","block_context":{"text":"Entrada similar ","link":""},"img":{"alt_text":"","src":"","width":0,"height":0},"classes":[]}],"_links":{"self":[{"href":"https:\/\/redaccionoaxaca.com\/index.php\/wp-json\/wp\/v2\/posts\/8958","targetHints":{"allow":["GET"]}}],"collection":[{"href":"https:\/\/redaccionoaxaca.com\/index.php\/wp-json\/wp\/v2\/posts"}],"about":[{"href":"https:\/\/redaccionoaxaca.com\/index.php\/wp-json\/wp\/v2\/types\/post"}],"author":[{"embeddable":true,"href":"https:\/\/redaccionoaxaca.com\/index.php\/wp-json\/wp\/v2\/users\/9"}],"replies":[{"embeddable":true,"href":"https:\/\/redaccionoaxaca.com\/index.php\/wp-json\/wp\/v2\/comments?post=8958"}],"version-history":[{"count":1,"href":"https:\/\/redaccionoaxaca.com\/index.php\/wp-json\/wp\/v2\/posts\/8958\/revisions"}],"predecessor-version":[{"id":8961,"href":"https:\/\/redaccionoaxaca.com\/index.php\/wp-json\/wp\/v2\/posts\/8958\/revisions\/8961"}],"wp:attachment":[{"href":"https:\/\/redaccionoaxaca.com\/index.php\/wp-json\/wp\/v2\/media?parent=8958"}],"wp:term":[{"taxonomy":"category","embeddable":true,"href":"https:\/\/redaccionoaxaca.com\/index.php\/wp-json\/wp\/v2\/categories?post=8958"},{"taxonomy":"post_tag","embeddable":true,"href":"https:\/\/redaccionoaxaca.com\/index.php\/wp-json\/wp\/v2\/tags?post=8958"}],"curies":[{"name":"wp","href":"https:\/\/api.w.org\/{rel}","templated":true}]}}