{"id":8975,"date":"2019-10-29T07:39:48","date_gmt":"2019-10-29T13:39:48","guid":{"rendered":"http:\/\/redaccionoaxaca.com\/?p=8975"},"modified":"2019-10-29T07:39:48","modified_gmt":"2019-10-29T13:39:48","slug":"10-presidentes-municipales-de-oaxaca-enfrentan-revocacion-de-mandato-por-desvio-de-recursos-encarcelamiento-e-ingobernabilidad","status":"publish","type":"post","link":"https:\/\/redaccionoaxaca.com\/index.php\/2019\/10\/29\/10-presidentes-municipales-de-oaxaca-enfrentan-revocacion-de-mandato-por-desvio-de-recursos-encarcelamiento-e-ingobernabilidad\/","title":{"rendered":"10 Presidentes Municipales de Oaxaca enfrentan revocaci\u00f3n de  mandato por desv\u00edo de recursos, encarcelamiento e ingobernabilidad."},"content":{"rendered":"<p class=\"x_ydp5d23a354MsoNormal\">\n<p class=\"x_ydp5d23a354MsoNormal\"><b><span lang=\"ES\">#Redacci\u00f3nOaxaca<\/span><\/b><\/p>\n<p><strong>#Oaxaca<\/strong><\/p>\n<p class=\"x_ydp5d23a354MsoNormal\"><b><span lang=\"ES\">Jaime GUERRERO<\/span><\/b><\/p>\n<p class=\"x_ydp5d23a354MsoNormal\"><span lang=\"ES\">La Comisi\u00f3n de Gobernaci\u00f3n y Asuntos Agrarios de la LXIV Legislatura, procesa al menos diez solicitudes de revocaci\u00f3n de mandato de presidentes municipales por distintas causales, entre ellas, el presunto desv\u00edo de recursos, vinculaci\u00f3n en procesos penales e ingobernabilidad por la disputa de poder de grupos locales.<\/span><\/p>\n<p class=\"x_ydp5d23a354MsoNormal\"><span lang=\"ES\">El Presidente de ese \u00f3rgano legislativo, Jorge Villaca\u00f1a Jim\u00e9nez, cit\u00f3 los casos de Santiago Xanica, donde el presidente municipal es denunciado de presuntos desv\u00edos millonarios . el dictamen de la revocaci\u00f3n de mandato ya est\u00e1 listo para ser sometido al pleno del Congreso.<\/span><\/p>\n<p class=\"x_ydp5d23a354MsoNormal\"><span lang=\"ES\">San Jacinto Amilpas, en donde la edil, Yolanda Santos, enfrenta un conflicto interno con dos regidoras por el manejo de recursos y pago de dietas. Tlacolula de Matamoros, con Carlos Le\u00f3n Monterrubio, quien en los \u00faltimos d\u00edas ha exhibido la falta de oficio gubernamental para dar cause al conflicto que ha generado la reconstrucci\u00f3n de una escuela en esa poblaci\u00f3n.<\/span><\/p>\n<p class=\"x_ydp5d23a354MsoNormal\"><span lang=\"ES\">En ese caso, Villaca\u00f1a Jim\u00e9nez, aclar\u00f3 que el mun\u00edcipe no ha presentado formalmente su solicitud de renuncia. <em>\u201cNO hay renuncia formal. Hay petici\u00f3n de revocaci\u00f3n de mandato que hicieron vecinos pero aun no la ingresan a Oficial\u00eda de Partes\u201d<\/em>, puntualiz\u00f3.<\/span><\/p>\n<p class=\"x_ydp5d23a354MsoNormal\"><span lang=\"ES\">La revocaci\u00f3n del mandato en los municipios, en algunos casos podr\u00edan resolverse por la v\u00eda de la conciliaci\u00f3n en la Secretar\u00eda General de Gobierno (Segego), <em>\u201cy no nos tengamos que ver en la necesidad de seguir con esto\u201d<\/em>, previ\u00f3 Villaca\u00f1a Jim\u00e9nez.<\/span><\/p>\n<p class=\"x_ydp5d23a354MsoNormal\"><span lang=\"ES\"><em>\u201cLa revocaci\u00f3n del mandato de los presidentes es por causas diversas. Falta de comprobaci\u00f3n de recursos, ingobernabilidad como el caso de Xanica y Ayotzintepec\u201d,<\/em> apunt\u00f3.<\/span><\/p>\n<p class=\"x_ydp5d23a354MsoNormal\"><span lang=\"ES\">En el caso del presidente municipal de Ayotzintepec, V\u00edctor Mendoza Velasco, un grupo de pobladores demandaron su destituci\u00f3n debido a que el 10 de octubre presuntamente agredi\u00f3 a una persona con arma de fuego. De la misma manera se\u00f1alaron que hay anomal\u00edas en la aplicaci\u00f3n de los recursos.<\/span><\/p>\n<p class=\"x_ydp5d23a354MsoNormal\"><span lang=\"ES\">A su vez el presidente de Santiago Xanica, Ricardo Lur\u00eda Alc\u00e1zar, ha sido se\u00f1alado de asignar de manera an\u00f3mala los recursos del ramo 28 y 33 a sus tres agencias municipales.<\/span><\/p>\n<p class=\"x_ydp5d23a354MsoNormal\"><span lang=\"ES\">Arturo Garc\u00eda, presidente de Jalapa de D\u00edaz, fue detenido recientemente por la Fiscal\u00eda de Justicia de Oaxaca acusado de secuestro y desaparici\u00f3n forzada. Yolanda Santos Monta\u00f1o, presidenta de San Jacinto Amilpas, ha sido se\u00f1alada por desfalcos y cobros excesivos a la ciudadan\u00eda.<\/span><\/p>\n<p class=\"x_ydp5d23a354MsoNormal\"><span lang=\"ES\">En el caso de Ramiro L\u00f3pez, edil de San Marcial Ozolotepec, fue detenido el pasado 10 de octubre por su probable responsabilidad en el homicidio de tres personas.<\/span><\/p>\n<p class=\"x_ydp5d23a354MsoNormal\"><span lang=\"ES\">El presidente de San Blas Atempa, Antonio Morales, se encuentra vinculado a proceso por el delito de despojo.<\/span><\/p>\n<p class=\"x_ydp5d23a354MsoNormal\"><span lang=\"ES\">Villaca\u00f1a Jim\u00e9nez, destac\u00f3 que en el caso de los municipios que enfrentan fen\u00f3meno de ingobernabilidad, una alternativa de soluci\u00f3n es ante la Secretar\u00eda General de Gobierno y no se tenga que dar cause en el Poder Legislativo, debido a que es un proceso de 3 meses.<\/span><\/p>\n<p class=\"x_ydp5d23a354MsoNormal\"><span lang=\"ES\"><em>\u201cCuando las diferencias se puedan zanjar, cuando puedan dirimir su problem\u00e1tica por medio de la conciliaci\u00f3n lo hagan porque cuando llega a la C\u00e1mara de Diputados, est\u00e1 obligada a dictaminar en favor o en contra de lo que se est\u00e1 pidiendo y no hay vuelta atr\u00e1s. Si el conflicto se puede arreglar, que lo hagan en beneficio de las personas a quienes representan\u201d,<\/em> declar\u00f3.<\/span><\/p>\n<p class=\"x_ydp5d23a354MsoNormal\"><span lang=\"ES\">Bajo esa perspectiva, calcul\u00f3 que el 50 por ciento de los problemas pol\u00edticos de Oaxaca -bloqueos, marchas, toma de oficinas gubernamentales- se dan por la falta de recursos de manera oportuna y equitativa entre las cabeceras y sus agencias.<\/span><\/p>\n<p class=\"x_ydp5d23a354MsoNormal\"><span lang=\"ES\">Consider\u00f3 que, en ese caso, si existe una distribuci\u00f3n equitativa desde el Congreso Federal, ser\u00eda una alternativa para evitar conflictos municipales.<\/span><\/p>\n<p class=\"x_ydp5d23a354MsoNormal\"><span lang=\"ES\">Villaca\u00f1a Jim\u00e9nez, aclar\u00f3 que la Comisi\u00f3n de Gobernaci\u00f3n del Poder Legislativo Local, es un cuerpo colegiado que se circunscribe a lo que establece la ley y analiza las posiciones de las partes en conflicto, no es una instancia de conciliaci\u00f3n. No obstante, apel\u00f3 a que las partes lleguen a acuerdos antes de procesar la revocaci\u00f3n de mandato de sus respectivos ediles.<\/span><\/p>\n<p class=\"x_ydp5d23a354MsoNormal\"><b><span lang=\"ES\">\u00a0<\/span><\/b><\/p>\n","protected":false},"excerpt":{"rendered":"<p>#Redacci\u00f3nOaxaca #Oaxaca Jaime GUERRERO La Comisi\u00f3n de Gobernaci\u00f3n y Asuntos Agrarios de la LXIV Legislatura, procesa al menos diez solicitudes de revocaci\u00f3n de mandato de presidentes municipales por distintas causales, entre ellas, el presunto desv\u00edo de recursos, vinculaci\u00f3n en procesos penales e ingobernabilidad por la disputa de poder de grupos locales. El Presidente de ese [&hellip;]<\/p>\n","protected":false},"author":9,"featured_media":0,"comment_status":"open","ping_status":"open","sticky":false,"template":"","format":"standard","meta":{"jetpack_post_was_ever_published":false,"_jetpack_newsletter_access":"","_jetpack_dont_email_post_to_subs":false,"_jetpack_newsletter_tier_id":0,"_jetpack_memberships_contains_paywalled_content":false,"_jetpack_memberships_contains_paid_content":false,"footnotes":"","jetpack_publicize_message":"","jetpack_publicize_feature_enabled":true,"jetpack_social_post_already_shared":true,"jetpack_social_options":{"image_generator_settings":{"template":"highway","default_image_id":0,"font":"","enabled":false},"version":2}},"categories":[1],"tags":[],"class_list":{"0":"post-8975","1":"post","2":"type-post","3":"status-publish","4":"format-standard","6":"category-uncategorized"},"jetpack_publicize_connections":[],"jetpack_featured_media_url":"","jetpack_sharing_enabled":true,"jetpack_shortlink":"https:\/\/wp.me\/p9Ynjw-2kL","jetpack-related-posts":[{"id":8995,"url":"https:\/\/redaccionoaxaca.com\/index.php\/2019\/10\/30\/fiscalia-indaga-a-ediles-por-robo-y-participacion-en-homicidios\/","url_meta":{"origin":8975,"position":0},"title":"Fiscal\u00eda indaga a ediles por robo y participaci\u00f3n en homicidios.","author":"ariadna","date":"octubre 30, 2019","format":"video","excerpt":"#Redacci\u00f3nOaxaca #Oaxaca\u00a0 Jaime GUERRERO El Fiscal General del Estado, Rub\u00e9n Vasconcelos M\u00e9ndez, confirm\u00f3 que existen varias carpetas de investigaci\u00f3n abiertas en contra de presidentes municipales de diversos municipios de la entidad, derivados de diversos delitos donde tienen indicios de la participaci\u00f3n de los ediles que va desde robos, desapariciones y\u2026","rel":"","context":"Entrada similar ","block_context":{"text":"Entrada similar ","link":""},"img":{"alt_text":"","src":"","width":0,"height":0},"classes":[]},{"id":15969,"url":"https:\/\/redaccionoaxaca.com\/index.php\/2020\/12\/29\/video-van-tres-solicitudes-de-revocacion-de-mandato-vs-presidentes-municipales-por-desacato-a-contingencia-de-covid19\/","url_meta":{"origin":8975,"position":1},"title":"VIDEO: Van tres solicitudes de revocaci\u00f3n de mandato vs presidentes  municipales por desacato a contingencia de COVID19.","author":"ariadna","date":"diciembre 29, 2020","format":"video","excerpt":"#Redacci\u00f3nOaxaca #Oaxaca Jaime GUERRERO Aprobada la reforma a la ley org\u00e1nica municipal que da paso a la revocaci\u00f3n de mandato de autoridades municipales o desaparici\u00f3n de poderes de ayuntamientos por desacato a medidas sanitarias que frenen pandemias como el COVID19, existen 3 solicitudes para igual n\u00famero de Presidentes Municipales, entre\u2026","rel":"","context":"En &quot;Agenda Pol\u00edtica&quot;","block_context":{"text":"Agenda Pol\u00edtica","link":"https:\/\/redaccionoaxaca.com\/index.php\/category\/agenda-politica\/"},"img":{"alt_text":"","src":"https:\/\/i0.wp.com\/redaccionoaxaca.com\/wp-content\/uploads\/2020\/12\/presidenta-de-tehuantepec-derrocha-el-dinero-del-pueblo-a-manos-llenas-300x195.jpg?resize=350%2C200","width":350,"height":200},"classes":[]},{"id":9475,"url":"https:\/\/redaccionoaxaca.com\/index.php\/2019\/12\/04\/trifulca-en-el-congreso-grupos-antagonicos-de-teopoxco-se-disputan-a-palos-el-poder-un-regidor-lesionado\/","url_meta":{"origin":8975,"position":2},"title":"Trifulca en el Congreso, grupos antag\u00f3nicos de Teopoxco  se disputan a palos el poder, un regidor lesionado.","author":"ariadna","date":"diciembre 4, 2019","format":"video","excerpt":"#Redacci\u00f3nOaxaca #Oaxaca Jaime GUERRERO Un regidor lesionado, quema de llantas, retenci\u00f3n de diputados y personal del Congreso del Estado, fue el saldo de la disputa de grupos antag\u00f3nicos del municipio de Santa Mar\u00eda Teopoxco. Los opositores a la edil, Susana Alvarado, demandan la revocaci\u00f3n del mandato de la totalidad del\u2026","rel":"","context":"Entrada similar ","block_context":{"text":"Entrada similar ","link":""},"img":{"alt_text":"","src":"","width":0,"height":0},"classes":[]},{"id":14985,"url":"https:\/\/redaccionoaxaca.com\/index.php\/2020\/10\/28\/de-saliva-las-solicitudes-de-revocacion-de-mandato-de-ediles-de-oaxaca-que-organizan-fiestas-en-pandemia-no-hay-procedimientos\/","url_meta":{"origin":8975,"position":3},"title":"De saliva, las solicitudes de revocaci\u00f3n de mandato de ediles de Oaxaca   que organizan fiestas en pandemia; no hay procedimientos.","author":"ariadna","date":"octubre 28, 2020","format":false,"excerpt":"#Redacci\u00f3nOaxaca #Oaxaca Jaime GUERRERO El presidente de la Comisi\u00f3n de Gobernaci\u00f3n de la LXIV Legislatura, Arsenio Mej\u00eda Garc\u00eda, confirm\u00f3 que no existen solicitudes de revocaci\u00f3n de mandatos de ediles, regidos o desaparici\u00f3n de poderes de ayuntamientos por desacato a medidas sanitarias por la emergencia por el COVID19 al poner en\u2026","rel":"","context":"En &quot;Agenda Pol\u00edtica&quot;","block_context":{"text":"Agenda Pol\u00edtica","link":"https:\/\/redaccionoaxaca.com\/index.php\/category\/agenda-politica\/"},"img":{"alt_text":"","src":"https:\/\/i0.wp.com\/redaccionoaxaca.com\/wp-content\/uploads\/2020\/10\/IMG-20201028-WA0034-200x300.jpg?resize=350%2C200","width":350,"height":200},"classes":[]},{"id":13196,"url":"https:\/\/redaccionoaxaca.com\/index.php\/2020\/07\/02\/con-reforma-a-ley-organica-municipal-van-revocacion-de-mandato-de-presidentes-municipales-de-oaxaca-por-desacato-a-emergencias-sanitarias\/","url_meta":{"origin":8975,"position":4},"title":"Con reforma a ley org\u00e1nica municipal, van revocaci\u00f3n de mandato de  Presidentes Municipales de Oaxaca, por desacato a emergencias sanitarias.","author":"ariadna","date":"julio 2, 2020","format":false,"excerpt":"#Redacci\u00f3nOaxaca #Oaxaca Jaime GUERRERO Con una reforma a la Ley Org\u00e1nica Municipal, en Oaxaca, proponen regular como causa grave para la revocaci\u00f3n del mandato de alg\u00fan miembro del Ayuntamiento, cuando se incurra en el desacato de las medidas sanitarias o protocolos de salud p\u00fablica, trat\u00e1ndose de emergencias sanitarias, epidemias, o\u2026","rel":"","context":"En &quot;Agenda Pol\u00edtica&quot;","block_context":{"text":"Agenda Pol\u00edtica","link":"https:\/\/redaccionoaxaca.com\/index.php\/category\/agenda-politica\/"},"img":{"alt_text":"","src":"","width":0,"height":0},"classes":[]},{"id":24958,"url":"https:\/\/redaccionoaxaca.com\/index.php\/2022\/04\/06\/chocan-en-congreso-de-oaxaca-por-revocacion-de-amlo-morena-promociona-ilegalmente-consulta-y-arremete-vs-candidato-del-pri\/","url_meta":{"origin":8975,"position":5},"title":"Chocan en Congreso de Oaxaca por Revocaci\u00f3n de AMLO; Morena promociona ilegalmente consulta y arremete vs candidato del PRI.","author":"ariadna","date":"abril 6, 2022","format":false,"excerpt":"#Redacci\u00f3nOaxaca #Oaxaca Jaime GUERRERO En una franca invasi\u00f3n de competencias y acci\u00f3n de ilegalidad, la bancada del Partido Movimiento de Regeneraci\u00f3n Nacional (Morena) y sus aliados en LXV Legislatura, promovieron -durante la sesi\u00f3n ordinaria- la consulta de Revocaci\u00f3n de Mandato a la que el Presidente, Andr\u00e9s Manuel L\u00f3pez Obrador, ha\u2026","rel":"","context":"En &quot;Agenda Pol\u00edtica&quot;","block_context":{"text":"Agenda Pol\u00edtica","link":"https:\/\/redaccionoaxaca.com\/index.php\/category\/agenda-politica\/"},"img":{"alt_text":"","src":"","width":0,"height":0},"classes":[]}],"_links":{"self":[{"href":"https:\/\/redaccionoaxaca.com\/index.php\/wp-json\/wp\/v2\/posts\/8975","targetHints":{"allow":["GET"]}}],"collection":[{"href":"https:\/\/redaccionoaxaca.com\/index.php\/wp-json\/wp\/v2\/posts"}],"about":[{"href":"https:\/\/redaccionoaxaca.com\/index.php\/wp-json\/wp\/v2\/types\/post"}],"author":[{"embeddable":true,"href":"https:\/\/redaccionoaxaca.com\/index.php\/wp-json\/wp\/v2\/users\/9"}],"replies":[{"embeddable":true,"href":"https:\/\/redaccionoaxaca.com\/index.php\/wp-json\/wp\/v2\/comments?post=8975"}],"version-history":[{"count":1,"href":"https:\/\/redaccionoaxaca.com\/index.php\/wp-json\/wp\/v2\/posts\/8975\/revisions"}],"predecessor-version":[{"id":8977,"href":"https:\/\/redaccionoaxaca.com\/index.php\/wp-json\/wp\/v2\/posts\/8975\/revisions\/8977"}],"wp:attachment":[{"href":"https:\/\/redaccionoaxaca.com\/index.php\/wp-json\/wp\/v2\/media?parent=8975"}],"wp:term":[{"taxonomy":"category","embeddable":true,"href":"https:\/\/redaccionoaxaca.com\/index.php\/wp-json\/wp\/v2\/categories?post=8975"},{"taxonomy":"post_tag","embeddable":true,"href":"https:\/\/redaccionoaxaca.com\/index.php\/wp-json\/wp\/v2\/tags?post=8975"}],"curies":[{"name":"wp","href":"https:\/\/api.w.org\/{rel}","templated":true}]}}