{"id":8978,"date":"2019-10-29T07:46:16","date_gmt":"2019-10-29T13:46:16","guid":{"rendered":"http:\/\/redaccionoaxaca.com\/?p=8978"},"modified":"2019-10-29T07:46:16","modified_gmt":"2019-10-29T13:46:16","slug":"confirma-murat-que-acudira-a-presentar-su-tercer-informe-de-gobierno-vamos-en-la-ruta-correcta-para-atras-ni-para-agarrar-vuelo-sintetizo","status":"publish","type":"post","link":"https:\/\/redaccionoaxaca.com\/index.php\/2019\/10\/29\/confirma-murat-que-acudira-a-presentar-su-tercer-informe-de-gobierno-vamos-en-la-ruta-correcta-para-atras-ni-para-agarrar-vuelo-sintetizo\/","title":{"rendered":"Confirma Murat que acudir\u00e1 a presentar su Tercer Informe de Gobierno;  \u201cVamos en la ruta correcta. Para atr\u00e1s ni para agarrar vuelo&#8221;, sintetiz\u00f3."},"content":{"rendered":"<p class=\"x_ydp5d23a354MsoNormal\">\n<p class=\"x_ydp5d23a354MsoNormal\"><b><span lang=\"ES\">\u00a0<\/span><\/b><\/p>\n<p class=\"x_ydp5d23a354MsoNormal\"><b><span lang=\"ES\">#Redacci\u00f3nOaxaca<\/span><\/b><\/p>\n<p><strong>#Oaxaca<\/strong><\/p>\n<p class=\"x_ydp5d23a354MsoNormal\"><b><span lang=\"ES\">Jaime GUERRERO<\/span><\/b><\/p>\n<p class=\"x_ydp5d23a354MsoNormal\" style=\"text-align: justify;\"><span lang=\"ES\">A escasos 15 d\u00edas rendir su tercer informe de gobierno, el mandatario estatal, Alejandro Murat Hinojosa, adelant\u00f3 que acudir\u00e1 personalmente a Presentar el documento oficial ante la LXIV Legislatura, para rendir cuentas a los oaxaque\u00f1os.<\/span><\/p>\n<p class=\"x_ydp5d23a354MsoNormal\" style=\"text-align: justify;\"><span lang=\"ES\">A mitad de su sexenio, afirm\u00f3 que, de acuerdo a los indicadores, Oaxaca va creciendo en la ruta correcta en materia econ\u00f3mica, disminuye la pobreza en 4 por ciento, y pese a las movilizaciones y protestas, hay paz y gobernabilidad.<\/span><\/p>\n<p class=\"x_ydp5d23a354MsoNormal\" style=\"text-align: justify;\"><span lang=\"ES\"><em>\u201cSi. Yo espero acudir est\u00e1 tercera oportunidad (ante el Congreso) para rendirle un informe para todas las oaxaque\u00f1as y oaxaque\u00f1os\u201d<\/em>, adelant\u00f3.<\/span><\/p>\n<p class=\"x_ydp5d23a354MsoNormal\" style=\"text-align: justify;\"><span lang=\"ES\">De acuerdo a lo establecido en la Constituci\u00f3n, cada 15 de noviembre el titular del Poder Ejecutivo, deber\u00e1 presentar al Poder Legislativo, un informe del estado que guarda la administraci\u00f3n p\u00fablica. Posteriormente, previo acuerdo de la Junta de Coordinaci\u00f3n Pol\u00edtica, aprobar\u00e1 el calendario de comparecencias de los titulares de las Secretarias del Gabinete del Gobernador, ante el Congreso del Estado, como parte de la glosa del Informe Gubernamental.<\/span><\/p>\n<p class=\"x_ydp5d23a354MsoNormal\" style=\"text-align: justify;\"><span lang=\"ES\">Por lo pronto, afirm\u00f3 en los tres a\u00f1os de su Gobierno, ve un Estado que va la ruta correcta, creciendo al 3.9 por ciento, se ha reducido la pobreza en un 4 por ciento de acuerdo al Coneval.<\/span><\/p>\n<p class=\"x_ydp5d23a354MsoNormal\" style=\"text-align: justify;\"><span lang=\"ES\">Los proyectos prioritarios, que dijo comprometi\u00f3 con el pueblo de Oaxaca, arrancaron como las dos autopistas la Mitla-Tehuantepec y la Barranca Larga-Ventanilla.<\/span><\/p>\n<p class=\"x_ydp5d23a354MsoNormal\" style=\"text-align: justify;\"><span lang=\"ES\">Murat Hinojosa, agradeci\u00f3 que el Presidente de la Rep\u00fablica, Andr\u00e9s Manuel L\u00f3pez Obrador vea en el Proyecto Interoce\u00e1nico, el gran motor de crecimiento en Oaxaca.<\/span><\/p>\n<p class=\"x_ydp5d23a354MsoNormal\" style=\"text-align: justify;\"><span lang=\"ES\">En el sector salud se avanza en la federalizaci\u00f3n y el proceso de culminaci\u00f3n de infraestructura hospitalaria. Lo mismo el abastecimiento de medicamentos.<\/span><\/p>\n<p class=\"x_ydp5d23a354MsoNormal\" style=\"text-align: justify;\"><span lang=\"ES\">Concedi\u00f3 que un tema que le preocupa y ocupa a su Gobierno, es la seguridad para lograr paz y tranquilidad.<\/span><\/p>\n<p class=\"x_ydp5d23a354MsoNormal\" style=\"text-align: justify;\"><span lang=\"ES\"><em>\u201cEn t\u00e9rminos generales yo les dir\u00eda que me siento entusiasmado. Vamos a redoblar esfuerzos. Para atr\u00e1s ni para agarrar vuelo&#8221;<\/em>, sintetiz\u00f3.<\/span><\/p>\n<p class=\"x_ydp5d23a354MsoNormal\" style=\"text-align: justify;\"><span lang=\"ES\">Y en lo que ser\u00e1 la mitad e su camino en el Gobierno, anunci\u00f3 que iniciar\u00e1 una campa\u00f1a -pasando el tercer informe-, para que, ante Notario P\u00fablico, las y los oaxaque\u00f1os sean testigos de las obras que se han llevado a cabo por su administraci\u00f3n y que puedan definir si el gobierno va en la ruta correcta.<\/span><\/p>\n<p class=\"x_ydp5d23a354MsoNormal\" style=\"text-align: justify;\"><span lang=\"ES\">De la relaci\u00f3n del Gobierno con el magisterio oaxaque\u00f1o, que en 13 a\u00f1os fue convulso con las administraciones de Ulises Ruiz Ortiz y Gabino Cu\u00e9 Monteagudo-, Murat Hinojosa, dijo que los maestros y maestras, son uno de los grandes pilares en el Estado y que durante su administraci\u00f3n no se han suspendido clases como ocurri\u00f3 en una d\u00e9cada.<\/span><\/p>\n<p class=\"x_ydp5d23a354MsoNormal\" style=\"text-align: justify;\"><span lang=\"ES\">Hoy, asegur\u00f3, en Oaxaca se puede hablar de una educaci\u00f3n que va en la ruta de la excelencia, no obstante, se deber\u00e1 de redoblar esfuerzos para seguir en la ruta correcta.<\/span><\/p>\n<div style=\"width: 640px;\" class=\"wp-video\"><video class=\"wp-video-shortcode\" id=\"video-8978-1\" width=\"640\" height=\"352\" preload=\"metadata\" controls=\"controls\"><source type=\"video\/mp4\" src=\"http:\/\/redaccionoaxaca.com\/wp-content\/uploads\/2019\/10\/WhatsApp-Video-2019-10-29-at-12.20.56-AM.mp4?_=1\" \/><a href=\"http:\/\/redaccionoaxaca.com\/wp-content\/uploads\/2019\/10\/WhatsApp-Video-2019-10-29-at-12.20.56-AM.mp4\">http:\/\/redaccionoaxaca.com\/wp-content\/uploads\/2019\/10\/WhatsApp-Video-2019-10-29-at-12.20.56-AM.mp4<\/a><\/video><\/div>\n<p class=\"x_ydp5d23a354MsoNormal\" style=\"text-align: justify;\"><span lang=\"ES\">*Foto de red.\u00a0<\/span><\/p>\n","protected":false},"excerpt":{"rendered":"<p>\u00a0 #Redacci\u00f3nOaxaca #Oaxaca Jaime GUERRERO A escasos 15 d\u00edas rendir su tercer informe de gobierno, el mandatario estatal, Alejandro Murat Hinojosa, adelant\u00f3 que acudir\u00e1 personalmente a Presentar el documento oficial ante la LXIV Legislatura, para rendir cuentas a los oaxaque\u00f1os. A mitad de su sexenio, afirm\u00f3 que, de acuerdo a los indicadores, Oaxaca va creciendo [&hellip;]<\/p>\n","protected":false},"author":9,"featured_media":0,"comment_status":"open","ping_status":"open","sticky":false,"template":"","format":"video","meta":{"jetpack_post_was_ever_published":false,"_jetpack_newsletter_access":"","_jetpack_dont_email_post_to_subs":false,"_jetpack_newsletter_tier_id":0,"_jetpack_memberships_contains_paywalled_content":false,"_jetpack_memberships_contains_paid_content":false,"footnotes":"","jetpack_publicize_message":"","jetpack_publicize_feature_enabled":true,"jetpack_social_post_already_shared":true,"jetpack_social_options":{"image_generator_settings":{"template":"highway","default_image_id":0,"font":"","enabled":false},"version":2}},"categories":[1],"tags":[],"class_list":{"0":"post-8978","1":"post","2":"type-post","3":"status-publish","4":"format-video","6":"category-uncategorized","7":"post_format-post-format-video"},"jetpack_publicize_connections":[],"jetpack_featured_media_url":"","jetpack_sharing_enabled":true,"jetpack_shortlink":"https:\/\/wp.me\/p9Ynjw-2kO","jetpack-related-posts":[{"id":9227,"url":"https:\/\/redaccionoaxaca.com\/index.php\/2019\/11\/16\/terso-informe-de-murat-oposicion-y-magisterio-testimonial\/","url_meta":{"origin":8978,"position":0},"title":"Terso informe de Murat, oposici\u00f3n y magisterio testimonial.","author":"ariadna","date":"noviembre 16, 2019","format":"video","excerpt":"#Redacci\u00f3nOaxaca #Oaxaca Jaime GUERRERO Todo estaba pactado. Sin exabruptos, aspavientos, ni gritos. Todo fue terso adentro y afuera del recinto legislativo. As\u00ed el Gobernador del Estado, Alejandro Murat Hinojosa, entreg\u00f3 su tercer informe de Gobierno al Presidente de la Mesa Directiva, C\u00e9sar Morales Ni\u00f1o y rindi\u00f3 un largo mensaje en\u2026","rel":"","context":"Entrada similar ","block_context":{"text":"Entrada similar ","link":""},"img":{"alt_text":"","src":"","width":0,"height":0},"classes":[]},{"id":9147,"url":"https:\/\/redaccionoaxaca.com\/index.php\/2019\/11\/12\/vamos-en-la-ruta-correcta-murat-cambios-no-son-a-contentillo-de-grupos-actores-politicos-ni-mediaticos-dice\/","url_meta":{"origin":8978,"position":1},"title":"Vamos en la ruta correcta: Murat; cambios no son a contentillo de grupos, actores pol\u00edticos, ni medi\u00e1ticos, dice.","author":"ariadna","date":"noviembre 12, 2019","format":"video","excerpt":"#Redacci\u00f3nOaxaca #Oaxaca Citlalli L\u00f3pez Vel\u00e1zquez A mitad de su sexenio, el Gobernador del Estado, Alejandro Murat Hinojosa, prometi\u00f3 que en los tres a\u00f1os que le resta de Gobierno, se va jugar la historia y dejar un legado, \u201ccerrando a tambor batiente\u201d. En tanto, dijo que los cambios en su Gabinete,\u2026","rel":"","context":"Entrada similar ","block_context":{"text":"Entrada similar ","link":""},"img":{"alt_text":"","src":"","width":0,"height":0},"classes":[]},{"id":19819,"url":"https:\/\/redaccionoaxaca.com\/index.php\/2021\/06\/14\/de-resultados-adversos-en-urnas-pri-tendra-que-hacer-reflexion-murat-a-mi-me-toca-cumplir-a-la-gente-y-he-dado-resultados\/","url_meta":{"origin":8978,"position":2},"title":"De resultados adversos en urnas, PRI tendr\u00e1 que hacer reflexi\u00f3n:   Murat, \u201ca mi me toca cumplir a la gente y he dado resultados\u201d.","author":"ariadna","date":"junio 14, 2021","format":false,"excerpt":"#Redacci\u00f3nOaxaca #Oaxaca Jaime GUERRERO Tras la jornada electoral del 6 de junio que no ubican al Partido Revolucionario Institucional (PRI) en los mejores resultados, por el contrario, el Gobernador del Estado, Alejandro Murat Hinojosa, dijo que su partido tendr\u00e1 que hacer su propio an\u00e1lisis y reflexi\u00f3n. En contra parte, recalc\u00f3\u2026","rel":"","context":"En &quot;Agenda Pol\u00edtica&quot;","block_context":{"text":"Agenda Pol\u00edtica","link":"https:\/\/redaccionoaxaca.com\/index.php\/category\/agenda-politica\/"},"img":{"alt_text":"","src":"","width":0,"height":0},"classes":[]},{"id":10169,"url":"https:\/\/redaccionoaxaca.com\/index.php\/2020\/01\/16\/listas-las-comparecencias-de-secretarios-de-murat-por-disfuncional-diputados-excluyen-a-titular-de-la-sedafpa\/","url_meta":{"origin":8978,"position":3},"title":"Listas las comparecencias de Secretarios de Murat;  por disfuncional diputados excluyen a titular de la Sedafpa.","author":"ariadna","date":"enero 16, 2020","format":false,"excerpt":"#Redacci\u00f3nOaxaca #Oaxaca Jaime GUERRERO Un mes y medio despu\u00e9s, la LXIV Legislatura, aprob\u00f3 el calendario de comparecencias de los secretarios del gabinete del gobernador, Alejandro Murat Hinojosa, como parte de la glosa del tercer informe del mandatario estatal. Ser\u00e1 el pr\u00f3ximo jueves 23 de enero cuando inicie la pasarela de\u2026","rel":"","context":"Entrada similar ","block_context":{"text":"Entrada similar ","link":""},"img":{"alt_text":"","src":"https:\/\/i0.wp.com\/redaccionoaxaca.com\/wp-content\/uploads\/2020\/01\/compare-300x260.jpg?resize=350%2C200","width":350,"height":200},"classes":[]},{"id":34985,"url":"https:\/\/redaccionoaxaca.com\/index.php\/2025\/01\/07\/aprueba-congreso-calendario-de-comparecencias-por-glosa-del-segundo-informe-de-gobierno\/","url_meta":{"origin":8978,"position":4},"title":"Aprueba Congreso calendario de comparecencias por Glosa del Segundo Informe de Gobierno","author":"ariadna","date":"enero 7, 2025","format":false,"excerpt":"#Redacci\u00f3nOaxaca #Oaxaca * Iniciar\u00e1n el pr\u00f3ximo 15 de enero y concluir\u00e1n el 06 de febrero de 2025 * Esta actividad representa un ejercicio de transparencia y rendici\u00f3n de cuentas San Raymundo Jalpan, Oax., a 07 de enero de 2025.- Con 42 votos a favor, el Pleno del Congreso de Oaxaca\u2026","rel":"","context":"Entrada similar ","block_context":{"text":"Entrada similar ","link":""},"img":{"alt_text":"","src":"https:\/\/i0.wp.com\/redaccionoaxaca.com\/wp-content\/uploads\/2025\/01\/IMG-20250107-WA0178-300x170.jpg?resize=350%2C200&ssl=1","width":350,"height":200},"classes":[]},{"id":20401,"url":"https:\/\/redaccionoaxaca.com\/index.php\/2021\/08\/27\/video-tres-intentos-y-nada-titular-de-sedapa-dejo-plantados-a-diputados-la-cuarta-es-la-vencida\/","url_meta":{"origin":8978,"position":5},"title":"VIDEO: Tres intentos y nada. Titular de Sedapa  dej\u00f3 plantados a diputados; la cuarta es la vencida.","author":"ariadna","date":"agosto 27, 2021","format":false,"excerpt":"#Redacci\u00f3nOaxaca #Oaxaca Jaime GUERRERO Luego de tres intentos, este jueves, se volvi\u00f3 a suspender la comparecencia del titular de la Secretar\u00eda de Desarrollo Agropecuario, Pesca y Acuacultura (Sedapa), Gabriel Cu\u00e9 Navarro. El pasado 20 de agosto, entre huevazos y entre esti\u00e9rcol, se trunc\u00f3 la comparecencia del titular de Cu\u00e9 Navarro,\u2026","rel":"","context":"En &quot;Agenda Pol\u00edtica&quot;","block_context":{"text":"Agenda Pol\u00edtica","link":"https:\/\/redaccionoaxaca.com\/index.php\/category\/agenda-politica\/"},"img":{"alt_text":"","src":"","width":0,"height":0},"classes":[]}],"_links":{"self":[{"href":"https:\/\/redaccionoaxaca.com\/index.php\/wp-json\/wp\/v2\/posts\/8978","targetHints":{"allow":["GET"]}}],"collection":[{"href":"https:\/\/redaccionoaxaca.com\/index.php\/wp-json\/wp\/v2\/posts"}],"about":[{"href":"https:\/\/redaccionoaxaca.com\/index.php\/wp-json\/wp\/v2\/types\/post"}],"author":[{"embeddable":true,"href":"https:\/\/redaccionoaxaca.com\/index.php\/wp-json\/wp\/v2\/users\/9"}],"replies":[{"embeddable":true,"href":"https:\/\/redaccionoaxaca.com\/index.php\/wp-json\/wp\/v2\/comments?post=8978"}],"version-history":[{"count":1,"href":"https:\/\/redaccionoaxaca.com\/index.php\/wp-json\/wp\/v2\/posts\/8978\/revisions"}],"predecessor-version":[{"id":8981,"href":"https:\/\/redaccionoaxaca.com\/index.php\/wp-json\/wp\/v2\/posts\/8978\/revisions\/8981"}],"wp:attachment":[{"href":"https:\/\/redaccionoaxaca.com\/index.php\/wp-json\/wp\/v2\/media?parent=8978"}],"wp:term":[{"taxonomy":"category","embeddable":true,"href":"https:\/\/redaccionoaxaca.com\/index.php\/wp-json\/wp\/v2\/categories?post=8978"},{"taxonomy":"post_tag","embeddable":true,"href":"https:\/\/redaccionoaxaca.com\/index.php\/wp-json\/wp\/v2\/tags?post=8978"}],"curies":[{"name":"wp","href":"https:\/\/api.w.org\/{rel}","templated":true}]}}