{"id":8982,"date":"2019-10-29T07:51:54","date_gmt":"2019-10-29T13:51:54","guid":{"rendered":"http:\/\/redaccionoaxaca.com\/?p=8982"},"modified":"2019-10-29T07:51:54","modified_gmt":"2019-10-29T13:51:54","slug":"entra-en-vigor-en-oaxaca-interrupcion-de-embarazos-hasta-semana-12-ejecutivo-publica-reforma-a-codigo-penal","status":"publish","type":"post","link":"https:\/\/redaccionoaxaca.com\/index.php\/2019\/10\/29\/entra-en-vigor-en-oaxaca-interrupcion-de-embarazos-hasta-semana-12-ejecutivo-publica-reforma-a-codigo-penal\/","title":{"rendered":"Entra en vigor en Oaxaca, interrupci\u00f3n de embarazos  hasta semana 12; Ejecutivo p\u00fablica reforma a c\u00f3digo penal."},"content":{"rendered":"<p class=\"x_ydp5d23a354MsoNormal\">\n<p class=\"x_ydp5d23a354MsoNormal\"><b><span lang=\"ES\">#Redacci\u00f3nOaxaca<\/span><\/b><\/p>\n<p class=\"x_ydp5d23a354MsoNormal\"><b><span lang=\"ES\">#Oaxaca\u00a0<\/span><\/b><\/p>\n<p class=\"x_ydp5d23a354MsoNormal\"><b><span lang=\"ES\">Jaime GUERRERO<\/span><\/b><\/p>\n<p class=\"x_ydp5d23a354MsoNormal\" style=\"text-align: justify;\"><span lang=\"ES\">Desde el pasado 24 de octubre, fue publicada en el Peri\u00f3dico Oficial del Estado de Oaxaca (POE), la reforma al C\u00f3digo Penal realizada por el Congreso Local con la que permite la interrupci\u00f3n del embarazo antes de las 12 semanas. Esa pol\u00e9mica modificaci\u00f3n en materia de aborto, ya entr\u00f3 en vigor en Oaxaca.<\/span><\/p>\n<p class=\"x_ydp5d23a354MsoNormal\" style=\"text-align: justify;\"><span lang=\"ES\">La versi\u00f3n digital se encuentra en la liga http:\/\/www.periodicooficial.oaxaca.gob.mx\/files\/2019\/10\/EXT-DECRETO806-2019-10-24.pdf.<\/span><\/p>\n<p class=\"x_ydp5d23a354MsoNormal\" style=\"text-align: justify;\"><span lang=\"ES\">Con ello, por fin la Consejer\u00eda Jur\u00eddica del Gobernador del Estado, Alejandro Murat Hinojosa, public\u00f3 las reformas al c\u00f3digo penal del Estado que, realiz\u00f3 la LXIV Legislatura, para establecer las tipolog\u00edas y temporalidad para la irrupci\u00f3n legal del embarazo en Oaxaca.<\/span><\/p>\n<p class=\"x_ydp5d23a354MsoNormal\" style=\"text-align: justify;\"><span lang=\"ES\">En la v\u00edspera presidenta de la Comisi\u00f3n de Administraci\u00f3n de Justicia, Eliza Zepeda Lagunas, aclar\u00f3 que el aborto en Oaxaca no se despenaliza, se establece que el aborto es la interrupci\u00f3n del embarazo despu\u00e9s de la d\u00e9cima segunda semana de gestaci\u00f3n.<\/span><\/p>\n<p class=\"x_ydp5d23a354MsoNormal\" style=\"text-align: justify;\"><span lang=\"ES\">Asegur\u00f3 que las reformas al c\u00f3digo penal, dar\u00edan la garant\u00eda a las mujeres para que en circunstancias espec\u00edficas puedan acudir a la interrupci\u00f3n del embarazo sin que \u00e9ste se penalice.<\/span><\/p>\n<p class=\"x_ydp5d23a354MsoNormal\" style=\"text-align: justify;\"><span lang=\"ES\">Zepeda Lagunas, sostuvo que se garantiza el derecho a las menores de edad, cuando son v\u00edctimas de violaci\u00f3n, puedan considerar el aborto en el lapso de las 12 semanas.<\/span><\/p>\n<p class=\"x_ydp5d23a354MsoNormal\" style=\"text-align: justify;\"><span lang=\"ES\"><em>\u201cLas sanciones se tipifican a partir de la semana 12 con 1 d\u00eda\u201d,<\/em> asent\u00f3.<\/span><\/p>\n<p class=\"x_ydp5d23a354MsoNormal\" style=\"text-align: justify;\"><span lang=\"ES\"><em>\u201cComo tal no (se despenaliza el aborto). Durante las primeras 12 semanas se est\u00e1 procurando que las mujeres, en cualquiera de los encuadres, pueda decidir sobre sus cuerpos, si contin\u00faan o no con el embarazo\u201d<\/em>, reiter\u00f3.<\/span><\/p>\n<p class=\"x_ydp5d23a354MsoNormal\" style=\"text-align: justify;\"><span lang=\"ES\">Alert\u00f3 que los casos de abortos clandestinos ha provocado la muerte de muchas mujeres, por tanto ser\u00eda un tema de justicia social, porque las mujeres que quedan m\u00e1s expuestas con secuelas o muertas, son las mujeres de comunidades ind\u00edgenas, menores que han sido v\u00edctimas de violaciones.<\/span><\/p>\n<p class=\"x_ydp5d23a354MsoNormal\" style=\"text-align: justify;\"><span lang=\"ES\">Concedi\u00f3 que la interrupci\u00f3n legal del embarazo pasa por mecanismos de garant\u00eda a los derechos de salud de las mujeres, que el Estado tendr\u00e1 que brindar, previa legislaci\u00f3n y presupuestaci\u00f3n.<\/span><\/p>\n<p class=\"x_ydp5d23a354MsoNormal\" style=\"text-align: justify;\"><span lang=\"ES\">La\u00a0\u00a0reforma al articulo 312 del c\u00f3digo penal establece que, el aborto es la interrupci\u00f3n del embarazo despu\u00e9s de la d\u00e9cima segunda semana de gestaci\u00f3n.<\/span><\/p>\n<p class=\"x_ydp5d23a354MsoNormal\" style=\"text-align: justify;\"><span lang=\"ES\">Para los efectos de este C\u00f3digo, el embarazo es la parte del proceso de la reproducci\u00f3n humana que comienza con la implantaci\u00f3n del embri\u00f3n en el endometrio.<\/span><\/p>\n<p class=\"x_ydp5d23a354MsoNormal\" style=\"text-align: justify;\"><span lang=\"ES\">En la\u00a0\u00a0reforma al art\u00edculo 313, establece que el aborto forzado es la interrupci\u00f3n del embarazo, en cualquier momento, sin el consentimiento de la mujer embarazada. En este caso, el delito de aborto forzado podr\u00e1 ser sancionado en grado de tentativa, en los t\u00e9rminos dispuestos por el presente C\u00f3digo.<\/span><\/p>\n<p class=\"x_ydp5d23a354MsoNormal\" style=\"text-align: justify;\"><span lang=\"ES\">Al que hiciere abortar a una mujer, sin el consentimiento de \u00e9sta, se le aplicar\u00e1n de tres a seis a\u00f1os de prisi\u00f3n, sea cual fuere el medio que empleare. S\u00ed adem\u00e1s mediare violencia f\u00edsica o moral, se impondr\u00e1n al infractor de seis a diez a\u00f1os de prisi\u00f3n.<\/span><\/p>\n<p class=\"x_ydp5d23a354MsoNormal\" style=\"text-align: justify;\"><span lang=\"ES\">Al modificar el ART\u00cdCULO 315, se impone de tres a seis meses de prisi\u00f3n o de 100 a 300 d\u00edas de trabajo a favor de la comunidad, a la mujer que voluntariamente procure su aborto o consienta en que otra persona la haga abortar, una vez transcurridas las primeras doce semanas de gestaci\u00f3n.<\/span><\/p>\n<p class=\"x_ydp5d23a354MsoNormal\" style=\"text-align: justify;\"><span lang=\"ES\">Igual pena se aplicar\u00e1 al que haga abortar a la mujer con el consentimiento de \u00e9sta, en los t\u00e9rminos del p\u00e1rrafo anterior.<\/span><\/p>\n<p class=\"x_ydp5d23a354MsoNormal\" style=\"text-align: justify;\"><span lang=\"ES\">En este caso, el delito de aborto \u00fanicamente se sancionar\u00e1 cuando se haya consumado.<\/span><\/p>\n<p class=\"x_ydp5d23a354MsoNormal\" style=\"text-align: justify;\"><span lang=\"ES\">En tanto, se establece en el ART\u00cdCULO 316 que se consideran como excluyentes de responsabilidad penal en el delito de aborto:<\/span><\/p>\n<p class=\"x_ydp5d23a354MsoNormal\" style=\"text-align: justify;\"><span lang=\"ES\">II.- Cuando el embarazo sea el resultado de una violaci\u00f3n, independientemente de que exista, o no, denuncia sobre dicho delito previo al aborto.<\/span><\/p>\n<p class=\"x_ydp5d23a354MsoNormal\" style=\"text-align: justify;\"><span lang=\"ES\">III.- Cuando el embarazo sea resultado de una inseminaci\u00f3n artificial no consentida.<\/span><\/p>\n<p class=\"x_ydp5d23a354MsoNormal\" style=\"text-align: justify;\"><span lang=\"ES\">IV.- Cuando de no provocarse el aborto, la mujer embarazada corra peligro en su salud o de muerte, a juicio del m\u00e9dico que la asista.<\/span><\/p>\n<p class=\"x_ydp5d23a354MsoNormal\" style=\"text-align: justify;\"><span lang=\"ES\">V.- Cuando a juicio de un m\u00e9dico especialista exista raz\u00f3n para diagnosticar que el producto presenta alteraciones gen\u00e9ticas o cong\u00e9nitas que puedan dar como resultados da\u00f1os f\u00edsicos o mentales en el mismo, siempre que se tenga consentimiento de la mujer embarazada.<\/span><\/p>\n<p class=\"x_ydp5d23a354MsoNormal\" style=\"text-align: justify;\"><span lang=\"ES\">Ese dictamen de reforma, ya fue presentado en primera lectura, y ser\u00e1 en la pr\u00f3xima sesi\u00f3n cuando sea sometido ante el pleno para su an\u00e1lisis, discusi\u00f3n y votaci\u00f3n.<\/span><\/p>\n<p class=\"x_ydp5d23a354MsoNormal\" style=\"text-align: justify;\"><span lang=\"ES\">\u00a0<img data-recalc-dims=\"1\" loading=\"lazy\" decoding=\"async\" class=\"alignnone  wp-image-8983\" src=\"https:\/\/i0.wp.com\/redaccionoaxaca.com\/wp-content\/uploads\/2019\/10\/abo1-249x300.jpg?resize=311%2C375\" alt=\"\" width=\"311\" height=\"375\" \/>\u00a0<img data-recalc-dims=\"1\" loading=\"lazy\" decoding=\"async\" class=\"alignnone  wp-image-8984\" src=\"https:\/\/i0.wp.com\/redaccionoaxaca.com\/wp-content\/uploads\/2019\/10\/abo2-244x300.jpg?resize=298%2C366\" alt=\"\" width=\"298\" height=\"366\" \/><\/span><\/p>\n","protected":false},"excerpt":{"rendered":"<p>#Redacci\u00f3nOaxaca #Oaxaca\u00a0 Jaime GUERRERO Desde el pasado 24 de octubre, fue publicada en el Peri\u00f3dico Oficial del Estado de Oaxaca (POE), la reforma al C\u00f3digo Penal realizada por el Congreso Local con la que permite la interrupci\u00f3n del embarazo antes de las 12 semanas. Esa pol\u00e9mica modificaci\u00f3n en materia de aborto, ya entr\u00f3 en vigor [&hellip;]<\/p>\n","protected":false},"author":9,"featured_media":0,"comment_status":"open","ping_status":"open","sticky":false,"template":"","format":"standard","meta":{"jetpack_post_was_ever_published":false,"_jetpack_newsletter_access":"","_jetpack_dont_email_post_to_subs":false,"_jetpack_newsletter_tier_id":0,"_jetpack_memberships_contains_paywalled_content":false,"_jetpack_memberships_contains_paid_content":false,"footnotes":"","jetpack_publicize_message":"","jetpack_publicize_feature_enabled":true,"jetpack_social_post_already_shared":true,"jetpack_social_options":{"image_generator_settings":{"template":"highway","default_image_id":0,"font":"","enabled":false},"version":2}},"categories":[1],"tags":[],"class_list":{"0":"post-8982","1":"post","2":"type-post","3":"status-publish","4":"format-standard","6":"category-uncategorized"},"jetpack_publicize_connections":[],"jetpack_featured_media_url":"","jetpack_sharing_enabled":true,"jetpack_shortlink":"https:\/\/wp.me\/p9Ynjw-2kS","jetpack-related-posts":[{"id":8990,"url":"https:\/\/redaccionoaxaca.com\/index.php\/2019\/10\/30\/murat-afirma-que-reforma-a-codigo-penal-proaborto-fue-impugnada-pero-congreso-desconoce-de-la-accion-de-inconstitucionalidad\/","url_meta":{"origin":8982,"position":0},"title":"Murat afirma que reforma a c\u00f3digo penal proaborto fue impugnada; pero Congreso desconoce de la acci\u00f3n de inconstitucionalidad.","author":"ariadna","date":"octubre 30, 2019","format":"video","excerpt":"#Redacci\u00f3nOaxaca #Oaxaca Jaime GUERRERO El Gobernador del Estado, Alelandro Murat Hinojosa, inform\u00f3 que la reforma al c\u00f3digo penal que aprob\u00f3 la LXIV Legislatura que, permite la interrupci\u00f3n del embarazo hasta la semana 12 de gestaci\u00f3n, fue impugnada con un recurso de inconstitucionalidad. Desde el pasado 24 de octubre fue publicada\u2026","rel":"","context":"Entrada similar ","block_context":{"text":"Entrada similar ","link":""},"img":{"alt_text":"","src":"","width":0,"height":0},"classes":[]},{"id":9456,"url":"https:\/\/redaccionoaxaca.com\/index.php\/2019\/12\/03\/gobierno-de-oaxaca-sin-infraestructura-ni-recursos-para-atender-abortos-pese-a-despenalizacion\/","url_meta":{"origin":8982,"position":1},"title":"Gobierno de Oaxaca sin infraestructura, ni recursos  para atender abortos, pese a despenalizaci\u00f3n.","author":"ariadna","date":"diciembre 3, 2019","format":false,"excerpt":"#Redacci\u00f3nOaxaca #Oaxaca\u00a0 Jaime GUERRERO El titular de los Servicios de Salud de Oaxaca, Donato Casas Escamilla, admiti\u00f3 que el Gobierno de Oaxaca, no tiene la infraestructura, ni los recursos para atender los casos de abortos, luego de que el Congreso del Estado, reform\u00f3 el c\u00f3digo penal para interrumpir legalmente el\u2026","rel":"","context":"Entrada similar ","block_context":{"text":"Entrada similar ","link":""},"img":{"alt_text":"","src":"","width":0,"height":0},"classes":[]},{"id":8583,"url":"https:\/\/redaccionoaxaca.com\/index.php\/2019\/09\/26\/despenalizar-aborto-en-oaxaca-triunfo-historico-afirman-colectivos-feministas\/","url_meta":{"origin":8982,"position":2},"title":"Despenalizar aborto en Oaxaca, triunfo  hist\u00f3rico, afirman colectivos feministas.","author":"ariadna","date":"septiembre 26, 2019","format":false,"excerpt":"#Redacci\u00f3nOaxaca #Oaxaca Jaime GUERRERO Entre ataques verbales cruzados, la conquista del aborto como un derecho sexual y reproductivo para las mujeres de Oaxaca, la entidad se coloc\u00f3 como el segundo Estado del pa\u00eds en donde se habr\u00e1 de garantizar a las mujeres la libre determinaci\u00f3n sobre sus propios cuerpos e\u2026","rel":"","context":"Entrada similar ","block_context":{"text":"Entrada similar ","link":""},"img":{"alt_text":"","src":"","width":0,"height":0},"classes":[]},{"id":8587,"url":"https:\/\/redaccionoaxaca.com\/index.php\/2019\/09\/27\/aborto-en-oaxaca-pueden-litigarse-en-la-scjn\/","url_meta":{"origin":8982,"position":3},"title":"Aborto en Oaxaca, pueden litigarse en la SCJN.","author":"ariadna","date":"septiembre 27, 2019","format":false,"excerpt":"#Redacci\u00f3nOaxaca #Oaxaca Jaime GUERRERO El Presidente de la Mesa Directiva de la LXIV Legislatura, C\u00e9sar Morales Ni\u00f1o, admiti\u00f3 que las reformas al c\u00f3digo penal sobre la irrupci\u00f3n legal del embarazo en Oaxaca, podr\u00edan ser controvertida ante la Suprema Corte de Justicia de la Naci\u00f3n (SCJN). Y es que la constituci\u00f3n\u2026","rel":"","context":"Entrada similar ","block_context":{"text":"Entrada similar ","link":""},"img":{"alt_text":"","src":"","width":0,"height":0},"classes":[]},{"id":8493,"url":"https:\/\/redaccionoaxaca.com\/index.php\/2019\/09\/19\/no-se-despenaliza-el-aborto-en-oaxaca-en-casos-especificos-se-podra-interrumpir-embarazo-hasta-semana-12\/","url_meta":{"origin":8982,"position":4},"title":"No se despenaliza el aborto en Oaxaca; en casos espec\u00edficos se podr\u00e1 interrumpir embarazo hasta semana 12","author":"ariadna","date":"septiembre 19, 2019","format":false,"excerpt":"#Redacci\u00f3nOaxaca #Oaxaca Jaime GUERRERO Pese a la propuesta de reforma al 12 constitucional de Oaxaca que da paso a la regulaci\u00f3n del aborto en temporalidad y tipos penales, las modificaciones planteadas al C\u00f3digo Penal, establecen claramente que el aborto en la entidad sigue siendo penado. No obstante, se modifican tipos\u2026","rel":"","context":"Entrada similar ","block_context":{"text":"Entrada similar ","link":""},"img":{"alt_text":"","src":"","width":0,"height":0},"classes":[]},{"id":21312,"url":"https:\/\/redaccionoaxaca.com\/index.php\/2021\/09\/30\/en-oaxaca-el-derecho-a-la-vida-ya-no-se-protege-desde-la-fecundacion\/","url_meta":{"origin":8982,"position":5},"title":"En Oaxaca el derecho a la vida ya no se protege desde la fecundaci\u00f3n.","author":"ariadna","date":"septiembre 30, 2021","format":false,"excerpt":"#Redacci\u00f3nOaxaca #Oaxaca Citlalli L\u00f3pez Vel\u00e1zquez Con una reforma constitucional al art\u00edculo 12, la 64 legislatura de Oaxaca dej\u00f3 de considerar que la vida inicia desde la fecundaci\u00f3n y por tanto el producto ya no es reputado como ser humano. De esta manera se concreta el derecho de las mujeres al\u2026","rel":"","context":"En &quot;Agenda Pol\u00edtica&quot;","block_context":{"text":"Agenda Pol\u00edtica","link":"https:\/\/redaccionoaxaca.com\/index.php\/category\/agenda-politica\/"},"img":{"alt_text":"","src":"","width":0,"height":0},"classes":[]}],"_links":{"self":[{"href":"https:\/\/redaccionoaxaca.com\/index.php\/wp-json\/wp\/v2\/posts\/8982","targetHints":{"allow":["GET"]}}],"collection":[{"href":"https:\/\/redaccionoaxaca.com\/index.php\/wp-json\/wp\/v2\/posts"}],"about":[{"href":"https:\/\/redaccionoaxaca.com\/index.php\/wp-json\/wp\/v2\/types\/post"}],"author":[{"embeddable":true,"href":"https:\/\/redaccionoaxaca.com\/index.php\/wp-json\/wp\/v2\/users\/9"}],"replies":[{"embeddable":true,"href":"https:\/\/redaccionoaxaca.com\/index.php\/wp-json\/wp\/v2\/comments?post=8982"}],"version-history":[{"count":1,"href":"https:\/\/redaccionoaxaca.com\/index.php\/wp-json\/wp\/v2\/posts\/8982\/revisions"}],"predecessor-version":[{"id":8986,"href":"https:\/\/redaccionoaxaca.com\/index.php\/wp-json\/wp\/v2\/posts\/8982\/revisions\/8986"}],"wp:attachment":[{"href":"https:\/\/redaccionoaxaca.com\/index.php\/wp-json\/wp\/v2\/media?parent=8982"}],"wp:term":[{"taxonomy":"category","embeddable":true,"href":"https:\/\/redaccionoaxaca.com\/index.php\/wp-json\/wp\/v2\/categories?post=8982"},{"taxonomy":"post_tag","embeddable":true,"href":"https:\/\/redaccionoaxaca.com\/index.php\/wp-json\/wp\/v2\/tags?post=8982"}],"curies":[{"name":"wp","href":"https:\/\/api.w.org\/{rel}","templated":true}]}}